{"provider_url": "https://www.embuguacu.sp.leg.br", "title": "Participa\u00e7\u00e3o Popular", "html": "<h2 style=\"text-align: justify; \">Participa\u00e7\u00e3o Popular nas Sess\u00f5es Ordin\u00e1rias!</h2>\r\n<p style=\"text-align: justify; \"><strong><img src=\"https://www.embuguacu.sp.leg.br/imagens/ParticipaoPopular03.png/@@images/e43817dd-d603-4f1f-b541-517566caafaf.png\" alt=\"\" class=\"image-right\" title=\"\" /></strong></p>\r\n<p style=\"text-align: justify; \">A Participa\u00e7\u00e3o Popular, pode acontecer por meio da\u00a0<strong>Tribuna Popular</strong>\u00a0e\u00a0<strong>Tribuna Livre,\u00a0</strong>nos dias de Sess\u00f5es Ordin\u00e1rias da C\u00e2mara.</p>\r\n<ul style=\"text-align: justify; \">\r\n<li>A\u00a0<strong>TRIBUNA POPULAR</strong>\u00a0\u00e9 um espa\u00e7o reservado para que os mun\u00edcipes discutam mat\u00e9rias da\u00a0<strong>Ordem do Dia</strong>\u00a0durante as Sess\u00f5es Ordin\u00e1rias. Para participar, \u00e9 necess\u00e1rio realizar a inscri\u00e7\u00e3o na Secretaria da C\u00e2mara, observando os seguintes prazos:\r\n<ul>\r\n<li>\r\n<p><strong>Inscri\u00e7\u00e3o</strong>: At\u00e9 24 (vinte e quatro) horas antes do in\u00edcio da Sess\u00e3o Ordin\u00e1ria.</p>\r\n</li>\r\n<li>\r\n<p><strong>Casos de urg\u00eancia especial</strong>: A inscri\u00e7\u00e3o poder\u00e1 ser feita at\u00e9 o t\u00e9rmino da fase do Tema Livre.</p>\r\n</li>\r\n</ul>\r\n<p>A Tribuna Popular ocorre na fase de\u00a0<strong>Discuss\u00e3o da Mat\u00e9ria</strong>, com dura\u00e7\u00e3o m\u00e1xima de\u00a0<strong>30 (trinta) minutos</strong>, n\u00e3o podendo ser prorrogada. Cada orador ter\u00e1\u00a0<strong>10 (dez) minutos</strong>\u00a0para expor suas considera\u00e7\u00f5es, sem possibilidade de apartes.</p>\r\n</li>\r\n</ul>\r\n<ul style=\"text-align: justify; \">\r\n<li>A\u00a0<strong><strong>TRIBUNA LIVRE\u00a0</strong></strong>\u00e9 um espa\u00e7o destinado \u00e0 exposi\u00e7\u00e3o de ideias ou posicionamentos sobre assuntos de relevante interesse da comunidade. Ela ocorre sempre na\u00a0<strong>primeira Sess\u00e3o Ordin\u00e1ria de cada m\u00eas</strong>, antes do in\u00edcio da sess\u00e3o, com dura\u00e7\u00e3o m\u00e1xima de\u00a0<strong>30 (trinta) minutos</strong>, tamb\u00e9m n\u00e3o prorrog\u00e1vel. Cada orador ter\u00e1\u00a0<strong>10 (dez) minutos</strong>\u00a0para falar, sem apartes.\r\n<ul>\r\n<li>\r\n<p><strong>Inscri\u00e7\u00e3o</strong>: Deve ser feita at\u00e9\u00a0<strong>72 (setenta e duas) horas</strong>\u00a0antes do in\u00edcio da sess\u00e3o ordin\u00e1ria.</p>\r\n</li>\r\n</ul>\r\n</li>\r\n</ul>\r\n<h3 style=\"text-align: justify; \">Quem pode participar?</h3>\r\n<p style=\"text-align: justify; \">Podem se inscrever na Tribuna Popular ou Tribuna Livre:</p>\r\n<ol style=\"text-align: justify; \">\r\n<li>\r\n<p><strong>Mun\u00edcipes com direito a voto no munic\u00edpio</strong>;</p>\r\n</li>\r\n<li>\r\n<p><strong>Demais casos</strong>, a crit\u00e9rio da Mesa Diretora.</p>\r\n</li>\r\n</ol>\r\n<p style=\"text-align: justify; \">Os interessados dever\u00e3o comprovar, mediante documentos, que se enquadram nos requisitos acima.</p>\r\n<p style=\"text-align: justify; \"><span>\u00c9 obrigat\u00f3rio informar o tema que ser\u00e1 abordado e apresentar um breve resumo do assunto.\u00a0</span><strong>N\u00e3o ser\u00e3o aceitas inscri\u00e7\u00f5es gen\u00e9ricas</strong><span>\u00a0que n\u00e3o especifiquem claramente os t\u00f3picos a serem tratados, como, por exemplo, \"pol\u00edtica geral\", \"pol\u00edticas p\u00fablicas\" ou \"pol\u00edtica local\". Esses temas podem ser discutidos, desde que o resumo seja detalhado e esclare\u00e7a de forma clara e objetiva o conte\u00fado da exposi\u00e7\u00e3o.</span></p>\r\n<h3 style=\"text-align: justify; \">Como fazer a inscri\u00e7\u00e3o?</h3>\r\n<p class=\" \" style=\"text-align: justify; \">As inscri\u00e7\u00f5es ser\u00e3o feitas atrav\u00e9s do site da C\u00e2mara Municipal ou presencialmente na C\u00e2mara. Voc\u00ea pode realizar a inscri\u00e7\u00e3o de qualquer celular ou computador (casa, trabalho, etc.).</p>\r\n<p class=\"western\" style=\"text-align: justify; \">Para se inscrever clique\u00a0no link abaixo e preencha o formul\u00e1rio:</p>\r\n<p class=\"western\" style=\"text-align: justify; \"><a class=\"external-link\" href=\"https://docs.google.com/forms/d/e/1FAIpQLScOJLuGzfjc74bOWoAkA6kYTwvFm0EAC7Q55NCG2NRiendjuw/viewform?usp=sf_link\" target=\"_self\" title=\"\"><img src=\"https://www.embuguacu.sp.leg.br/imagens/ParticipaoPopular04.png/@@images/4b4017a5-0d1d-4089-81f8-17931102b99d.png\" alt=\"\" class=\"image-inline\" title=\"\" /></a><span>\u00a0</span></p>\r\n<p style=\"text-align: justify; \"><a class=\"external-link\" href=\"https://docs.google.com/forms/d/e/1FAIpQLSeBkh0cJj_W_Amdc1l1F2KBZDvdtNdUFtFvOd4zE5819Mcx5Q/viewform?usp=sf_link\" target=\"_self\" title=\"\"><img src=\"https://www.embuguacu.sp.leg.br/imagens/ParticipaoPopular05.png/@@images/2446fef8-ff15-4784-8706-a1c4520bbb20.png\" alt=\"\" class=\"image-inline\" title=\"\" /></a></p>\r\n<p style=\"text-align: justify; \">\u00a0</p>\r\n<p style=\"text-align: justify; \">\u00a0IMPORTANTE:\u00a0<em>Aplicam-se \u00e0 Tribuna Popular ou Tribuna Livre no Legislativo os mesmos princ\u00edpios constitucionais e regimentais do decoro parlamentar, devendo o orador evitar express\u00f5es que possam ferir a dignidade da institui\u00e7\u00e3o C\u00e2mara Municipal ou representem ofensa ou descortesia aos Vereadores e demais membros da Casa Legislativa, sob pena de corte da palavra e perda do direito de voltar \u00e0 Tribuna Popular ou Tribuna Livre no Legislativo pelo prazo de 2 (dois) anos</em><i>.</i></p>\r\n<p style=\"text-align: justify; \">\u00a0<i>Em anos eleitorais n\u00e3o haver\u00e1 Tribuna Popular ou Tribuna Livre, 90 (noventa) dias antes de qualquer pleito no munic\u00edpio.</i></p>\r\n<p style=\"text-align: justify; \">\u00a0A C\u00e2mara dar\u00e1 publicidade ao uso da Tribuna Popular ou Tribuna Livre em seu site.</p>\r\n<h3 style=\"text-align: justify; \">Mais informa\u00e7\u00f5es</h3>\r\n<p align=\"justify\" class=\"western\" style=\"text-align: justify; \">Para mais informa\u00e7\u00f5es sobre a Participa\u00e7\u00e3o Popular, entre em contato:</p>\r\n<ul>\r\n<li style=\"text-align: justify; \">\r\n<p><strong>Telefone</strong>: (11) 4661-1116</p>\r\n</li>\r\n<li>\r\n<p style=\"text-align: justify; \"><strong>E-mail</strong>:\u00a0<a href=\"https://mailtocamara@embuguacu.sp.leg.br\" rel=\"noreferrer\" target=\"_blank\">ouvidoria@embuguacu.sp.leg.br</a></p>\r\n</li>\r\n</ul>\r\n<div>\r\n<pre><b>Fonte: CMEG</b></pre>\r\n<div><b><br /></b></div>\r\n</div>", "author_name": "", "version": "1.0", "author_url": "https://www.embuguacu.sp.leg.br/author/adm", "provider_name": "C\u00e2mara Municipal de Embu-Gua\u00e7u", "type": "rich"}