{"provider_url": "https://www.embuguacu.sp.leg.br", "title": "SESS\u00c3O EXTRAORDIN\u00c1RIA", "html": "<p><strong><a title=\"\" href=\"https://www.embuguacu.sp.leg.br/Editaln0122025.pdf\" class=\"internal-link\" target=\"_self\">EDITAL N\u00ba 012/2025</a></strong></p>\r\n<p><strong>01\u00aa SESS\u00c3O EXTRAORDIN\u00c1RIA \u2013 Sexta-feira, \u00e0s 15h00</strong></p>\r\n<p>\ud83d\udccd\u00a0<em>Plen\u00e1rio da C\u00e2mara Municipal de Embu-Gua\u00e7u</em></p>\r\n<p><b>JO\u00c3O DOMINGUES MENDES, PRESIDENTE DA C\u00c2MARA MUNICIPAL DE EMBU-GUA\u00c7U, </b>no uso de suas atribui\u00e7\u00f5es regimentais, especialmente a prevista disposto no art. 35 da Lei Org\u00e2nica do Munic\u00edpio de Embu-Gua\u00e7u, c/c art. 117 do Regimento Interno, convoca a 01\u00aa Sess\u00e3o Extraordin\u00e1ria, para o dia 04 de julho de 2025, \u00e0s 15h00min no Plen\u00e1rio Benedicto Roschel de Moraes para publicidade do Ato do Presidente n\u00ba 020/2025 \u2013 Declara extin\u00e7\u00e3o do mandato do Sr. Andr\u00e9 George Neres de Farias e Posse do Sr. Francisco Jos\u00e9 do Nascimento como Prefeito Municipal.</p>\r\n<p>\u2714\u00a0<strong>Acompanhe a transmiss\u00e3o online:</strong></p>\r\n<p>\ud83d\udcf9\u00a0<em>YouTube</em>\u00a0e\u00a0<em>Facebook</em>\u00a0oficiais da C\u00e2mara Municipal de Embu-Gua\u00e7u.</p>", "author_name": "", "version": "1.0", "author_url": "https://www.embuguacu.sp.leg.br/author/jaqueline", "provider_name": "C\u00e2mara Municipal de Embu-Gua\u00e7u", "type": "rich"}