{"provider_url": "https://www.embuguacu.sp.leg.br", "title": "Modelo de Documentos e Informa\u00e7\u00f5es ", "html": "<h3><strong><img src=\"https://www.embuguacu.sp.leg.br/imagens/ModelosDocumentoseInformaes01.png/@@images/ef304a77-3f8b-49ce-b8e6-1f9be733d7ac.png\" alt=\"\" class=\"image-right\" title=\"\" />Legisla\u00e7\u00e3o Aplic\u00e1vel:</strong></h3>\r\n<ul>\r\n<li><strong><a class=\"external-link\" href=\"https://leismunicipais.com.br/a/sp/e/embu-guacu/lei-complementar/2023/18/179/lei-complementar-n-179-2023-dispoe-sobre-a-nova-estrutura-administrativa-da-camara-municipal-de-embu-guacu-e-da-outras-providencias\" target=\"_self\" title=\"\">Lei Complementar N\u00b0 179, de 01/03/2023</a>\u00a0</strong><span>-\u00a0Disp\u00f5e sobre a nova estrutura administrativa da C\u00e2mara Municipal de Embu-Gua\u00e7u, e d\u00e1 outras provid\u00eancias.</span></li>\r\n</ul>\r\n<ul>\r\n<li><strong><a class=\"external-link\" href=\"https://leismunicipais.com.br/a/sp/e/embu-guacu/lei-ordinaria/1987/58/584/lei-ordinaria-n-584-1987-dispoe-sobre-o-regime-juridico-dos-funcionarios-publicos-do-municipio-de-embu-guacu\" target=\"_self\" title=\"\">Lei N\u00b0 584, de 24/06/1987</a>\u00a0</strong>-\u00a0Disp\u00f5e sobre o Regime Jur\u00eddico dos Funcion\u00e1rios do Munic\u00edpio de Embu-Gua\u00e7u.</li>\r\n</ul>\r\n<ul>\r\n<li><strong><a class=\"external-link\" href=\"https://sapl.embuguacu.sp.leg.br/media/sapl/public/normajuridica/2021/10/atopres042021.pdf\" target=\"_self\" title=\"\">Ato da Presid\u00eancia N\u00b0 04, de 18/01/2021</a>\u00a0</strong>-\u00a0Estabelece e-mail institucional aos servidores p\u00fablicos e agentes pol\u00edticos do Poder Legislativo.</li>\r\n</ul>\r\n<ul>\r\n<li><span><strong><a class=\"external-link\" href=\"https://sapl.embuguacu.sp.leg.br/media/sapl/public/normajuridica/2024/1072/portaria_no_018-2024.pdf\" target=\"_self\" title=\"\">Portaria N\u00b0 18, de 14/03/2024</a>\u00a0-\u00a0</strong>Regulamenta a pena disciplinar de advert\u00eancia por escrito, art. 94-A, da Lei Complementar n\u00ba 179, de 01 de mar\u00e7o de 2023.</span></li>\r\n<li><span><span><strong><a class=\"external-link\" href=\"https://sapl.embuguacu.sp.leg.br/media/sapl/public/normajuridica/2024/1073/portaria_no_019-2024.pdf\" target=\"_self\" title=\"\">Portaria N\u00b0 19, de 14/03/2024</a>\u00a0-\u00a0</strong>Regulamenta a Se\u00e7\u00e3o III e IV do Cap\u00edtulo XIII - das Vantagens, da Lei Complementar n\u00ba 179, de 01 de mar\u00e7o de 2023.</span></span></li>\r\n<li><span><span><span><strong><a class=\"external-link\" href=\"https://sapl.embuguacu.sp.leg.br/media/sapl/public/normajuridica/2024/1074/portaria_no_020-2024.pdf\" target=\"_self\" title=\"\">Portaria N\u00b0 20, de 14/03/2024</a>\u00a0-\u00a0</strong>Disp\u00f5e sobre a regulamenta\u00e7\u00e3o do controle de frequ\u00eancia dos servidores da C\u00e2mara Municipal de Embu-Gua\u00e7u.</span></span></span></li>\r\n</ul>\r\n<ul>\r\n<li><strong><a class=\"external-link\" href=\"https://sapl.embuguacu.sp.leg.br/media/sapl/public/normajuridica/2022/574/21-2022_-_portaria.pdf\" target=\"_self\" title=\"\">Portaria N\u00b0 21, de 17/03/2022</a>\u00a0</strong>-\u00a0Disp\u00f5e sobre a redu\u00e7\u00e3o de jornada de trabalho ao servidor estudante.</li>\r\n<li style=\"text-align: justify; \"><strong><strong><span><a title=\"\" href=\"https://www.embuguacu.sp.leg.br/www.planalto.gov.br/ccivil_03/_ato2015-2018/2017/decreto/d9191.htm#:~:text=DECRETO%20N%C2%BA%209.191%2C%20DE%201%C2%BA%20DE%20NOVEMBRO%20DE%202017&amp;text=Estabelece%20as%20normas%20e%20as,Rep%C3%BAblica%20pelos%20Ministros%20de%20Estado.\" class=\"external-link\" target=\"_self\">Decreto N\u00ba 9.191, de 01/11/2017</a></span></strong>\u00a0</strong>-\u00a0<span>Estabelece as normas e as diretrizes para elabora\u00e7\u00e3o, reda\u00e7\u00e3o, altera\u00e7\u00e3o, consolida\u00e7\u00e3o e encaminhamento de propostas de atos normativos ao Presidente da Rep\u00fablica pelos Ministros de Estado</span></li>\r\n</ul>\r\n<p><strong><strong><br /></strong></strong></p>\r\n<h3><strong><strong>Documentos modelos:</strong></strong></h3>\r\n<p style=\"padding-left: 60px; \"><strong><a title=\"\" href=\"https://www.embuguacu.sp.leg.br/servidor/MODELOJUSTIFICATIVADEFALTASESQUECIMENTOATRASOESAIDAANTECIPADA252.docx\" class=\"internal-link\" target=\"_blank\"><strong><strong><strong><strong><strong><strong><strong><strong><strong><strong><strong><strong><strong><strong><strong><img alt=\"\" class=\"image-inline\" src=\"../imagens/WORD.jpg/@@images/064e2f49-4936-47b5-b083-71bb758365eb.jpeg\" title=\"\" />MODELO Justificativa de Faltas, <strong><strong><strong><strong><strong><strong><strong><strong><strong><strong><strong><strong><strong><strong><strong><strong><strong><strong></strong></strong></strong></strong></strong></strong></strong></strong></strong></strong></strong></strong></strong></strong></strong></strong></strong></strong><strong><strong><strong>Esquecimento Registro de Ponto,\u00a0</strong></strong></strong></strong></strong></strong></strong></strong></strong></strong></strong></strong></strong></strong></strong></strong></strong></strong>Atraso e Sa\u00edda antecipada</a></strong></p>\r\n<p style=\"padding-left: 60px; \"><strong><strong><strong><strong><strong><strong><strong><strong><strong><strong><strong><strong><strong><strong><strong><strong><strong><strong><strong><strong><strong><strong><strong><strong><strong><strong><a title=\"\" href=\"https://www.embuguacu.sp.leg.br/documentos-servidores/MODELOFOLGATRE252.docx\" class=\"internal-link\" target=\"_blank\"><img alt=\"\" class=\"image-inline\" src=\"../imagens/WORD.jpg/@@images/064e2f49-4936-47b5-b083-71bb758365eb.jpeg\" title=\"\" />MODELO Requerimento Folga TRE\u00a0Novo</a></strong></strong></strong></strong></strong></strong></strong></strong></strong></strong></strong></strong></strong></strong></strong></strong></strong></strong></strong></strong></strong></strong></strong></strong></strong></strong></p>\r\n<p style=\"padding-left: 60px; \"><strong><strong><strong><strong><strong><strong><strong><strong><strong><strong><strong><strong><strong><strong><strong><strong><strong><strong><strong><strong><strong><strong><strong><strong><strong><strong><strong><strong><strong><strong><strong><strong><a title=\"\" href=\"https://www.embuguacu.sp.leg.br/documentos-servidores/MODELOREQUERIMENTODEFERIAS253.docx\" class=\"internal-link\" target=\"_blank\"><img alt=\"\" class=\"image-inline\" src=\"../imagens/WORD.jpg/@@images/064e2f49-4936-47b5-b083-71bb758365eb.jpeg\" title=\"\" />MODELO Requerimento de F\u00e9rias\u00a0Novo</a></strong></strong></strong></strong></strong></strong></strong></strong></strong></strong></strong></strong></strong></strong></strong></strong></strong></strong></strong></strong></strong></strong></strong></strong></strong></strong></strong></strong></strong></strong></strong></strong></p>\r\n<p style=\"padding-left: 60px; \"><strong><strong><strong><strong><strong><strong><strong><strong><strong><strong><strong><strong><strong><strong><strong><strong><strong><strong><strong><strong><strong><strong><strong><strong><strong><strong><strong><strong><strong><strong><strong><strong><strong><strong><strong><strong><strong><strong><strong><strong><strong><strong><strong><strong><a title=\"\" href=\"https://www.embuguacu.sp.leg.br/documentos-servidores/MODELOREQUERIMENTODELICENCAPREMIO251.docx\" class=\"internal-link\" target=\"_blank\"><img alt=\"\" class=\"image-inline\" src=\"../imagens/WORD.jpg/@@images/064e2f49-4936-47b5-b083-71bb758365eb.jpeg\" title=\"\" />MODELO Requerimento Licen\u00e7a Pr\u00eamio\u00a0Novo</a></strong></strong></strong></strong></strong></strong></strong></strong></strong></strong></strong></strong></strong></strong></strong></strong></strong></strong></strong></strong></strong></strong></strong></strong></strong></strong></strong></strong></strong></strong></strong></strong></strong></strong></strong></strong></strong></strong></strong></strong></strong></strong></strong></strong></p>\r\n<p style=\"padding-left: 60px; \"><strong><strong><strong><strong><strong><strong><strong><strong><strong><strong><strong><strong><strong><strong><strong><strong><strong><strong><strong><strong><strong><strong><strong><strong><strong><strong><strong><strong><strong><strong><strong><strong><strong><strong><strong><strong><strong><strong><strong><strong><strong><strong><strong><strong><strong><strong><strong><strong><strong><strong><a title=\"\" href=\"https://www.embuguacu.sp.leg.br/documentos-servidores/MODELOREQUERIMENTOVALETRANSPORTE251.docx\" class=\"internal-link\" target=\"_blank\"><img alt=\"\" class=\"image-inline\" src=\"../imagens/WORD.jpg/@@images/064e2f49-4936-47b5-b083-71bb758365eb.jpeg\" title=\"\" />MODELO Requerimento de Vale-transporte\u00a0Novo</a></strong></strong></strong></strong></strong></strong></strong></strong></strong></strong></strong></strong></strong></strong></strong></strong></strong></strong></strong></strong></strong></strong></strong></strong></strong></strong></strong></strong></strong></strong></strong></strong></strong></strong></strong></strong></strong></strong></strong></strong></strong></strong></strong></strong></strong></strong></strong></strong></strong></strong></p>\r\n<p style=\"padding-left: 60px; \"><strong><strong><strong><strong><strong><strong><strong><strong><strong><strong><strong><strong><strong><strong><strong><strong><strong><strong><strong><strong><strong><strong><strong><strong><strong><strong><strong><strong><strong><strong><strong><strong><strong><strong><strong><strong><strong><strong><strong><strong><strong><strong><strong><strong><strong><strong><strong><strong><strong><strong><strong><strong><strong><strong><strong><strong><a title=\"\" href=\"https://www.embuguacu.sp.leg.br/documentos-servidores/MODELOREQUERIMENTOSALARIO1OU2PARCELAS252.docx\" class=\"internal-link\" target=\"_blank\"><img alt=\"\" class=\"image-inline\" src=\"../imagens/WORD.jpg/@@images/064e2f49-4936-47b5-b083-71bb758365eb.jpeg\" title=\"\" />MODELO Requerimento Salario 1 ou 2 Parcelas\u00a0Novo</a></strong></strong></strong></strong></strong></strong></strong></strong></strong></strong></strong></strong></strong></strong></strong></strong></strong></strong></strong></strong></strong></strong></strong></strong></strong></strong></strong></strong></strong></strong></strong></strong></strong></strong></strong></strong></strong></strong></strong></strong></strong></strong></strong></strong></strong></strong></strong></strong></strong></strong></strong></strong></strong></strong></strong></strong></p>\r\n<p style=\"padding-left: 60px; \"><strong><strong><strong><strong><strong><strong><strong><strong><strong><strong><strong><strong><strong><strong><strong><strong><strong><strong><strong><strong><strong><strong><strong><strong><strong><strong><strong><strong><strong><strong><strong><strong><strong><strong><strong><strong><strong><strong><strong><strong><strong><strong><strong><strong><strong><strong><strong><strong><strong><strong><strong><strong><strong><strong><strong><strong><strong><strong><strong><strong><strong><strong><a title=\"\" href=\"https://www.embuguacu.sp.leg.br/documentos-servidores/MODELODECLARACAODEBENSEVALORES251.docx\" class=\"internal-link\" target=\"_blank\"><img alt=\"\" class=\"image-inline\" src=\"../imagens/WORD.jpg/@@images/064e2f49-4936-47b5-b083-71bb758365eb.jpeg\" title=\"\" />MODELO Declara\u00e7\u00e3o de Bens e Valores\u00a0Novo</a></strong></strong></strong></strong></strong></strong></strong></strong></strong></strong></strong></strong></strong></strong></strong></strong></strong></strong></strong></strong></strong></strong></strong></strong></strong></strong></strong></strong></strong></strong></strong></strong></strong></strong></strong></strong></strong></strong></strong></strong></strong></strong></strong></strong></strong></strong></strong></strong></strong></strong></strong></strong></strong></strong></strong></strong></strong></strong></strong></strong></strong></strong></p>\r\n<p style=\"padding-left: 60px; \"><strong><strong><strong><strong><strong><strong><strong><strong><strong><strong><strong><strong><strong><strong><strong><strong><strong><strong><strong><strong><strong><strong><strong><strong><strong><strong><strong><strong><strong><strong><strong><strong><strong><strong><strong><strong><strong><strong><strong><strong><strong><strong><strong><strong><strong><strong><strong><strong><strong><strong><strong><strong><strong><strong><strong><strong><strong><strong><strong><strong><strong><strong><strong><strong><strong><strong><strong><strong><strong><strong><strong><strong><strong><strong><strong><strong><strong><strong><strong><strong><a title=\"\" href=\"https://www.embuguacu.sp.leg.br/documentos-servidores/MODELOREQUERIMENTOFOLGAANIVERSARIO251.docx\" class=\"internal-link\" target=\"_blank\"><img alt=\"\" class=\"image-inline\" src=\"../imagens/WORD.jpg/@@images/064e2f49-4936-47b5-b083-71bb758365eb.jpeg\" title=\"\" />MODELO Requisi\u00e7\u00e3o Folga Anivers\u00e1rio\u00a0Novo</a></strong></strong></strong></strong></strong></strong></strong></strong></strong></strong></strong></strong></strong></strong></strong></strong></strong></strong></strong></strong></strong></strong></strong></strong></strong></strong></strong></strong></strong></strong></strong></strong></strong></strong></strong></strong></strong></strong></strong></strong></strong></strong></strong></strong></strong></strong></strong></strong></strong></strong></strong></strong></strong></strong></strong></strong></strong></strong></strong></strong></strong></strong></strong></strong></strong></strong></strong></strong></strong></strong></strong></strong></strong></strong></strong></strong></strong></strong></strong></strong></p>\r\n<p style=\"padding-left: 60px; \"><strong><strong><strong><strong><strong><strong><strong><strong><strong><strong><strong><strong><strong><strong><strong><strong><strong><strong><strong><strong><strong><strong><strong><strong><strong><strong><strong><strong><strong><strong><strong><strong><strong><strong><strong><strong><strong><strong><strong><strong><strong><strong><strong><strong><strong><strong><strong><strong><strong><strong><strong><strong><strong><strong><strong><strong><strong><strong><strong><strong><strong><strong><strong><strong><strong><strong><strong><strong><strong><strong><strong><strong><strong><strong><strong><strong><strong><strong><strong><strong><strong><strong><strong><strong><strong><strong><strong><strong><strong><strong><strong><strong><strong><strong><strong><strong><strong><strong><strong><strong><strong><strong><strong><strong><strong><strong><strong><strong><strong><strong><strong><strong><strong><strong><strong><strong><strong><strong><strong><strong><strong><strong><strong><strong><strong><strong><strong><strong><strong><strong><strong><strong><strong><strong><strong><strong><strong><strong><strong><strong><strong><strong><strong><strong><strong><strong><strong><strong><strong><strong><strong><strong><strong><strong><strong><strong><strong><strong><strong><strong><a title=\"\" href=\"https://www.embuguacu.sp.leg.br/documentos-servidores/MODELOFormulrioContatodeEmergnciadoServidor.docx\" class=\"internal-link\" target=\"_blank\"><img alt=\"\" class=\"image-inline\" src=\"../imagens/WORD.jpg/@@images/064e2f49-4936-47b5-b083-71bb758365eb.jpeg\" title=\"\" />MODELO Formul\u00e1rio Contato de Emerg\u00eancia do Servidor</a></strong></strong></strong></strong></strong></strong></strong></strong></strong></strong></strong></strong></strong></strong></strong></strong></strong></strong></strong></strong></strong></strong></strong></strong></strong></strong></strong></strong></strong></strong></strong></strong></strong></strong></strong></strong></strong></strong></strong></strong></strong></strong></strong></strong></strong></strong></strong></strong></strong></strong></strong></strong></strong></strong></strong></strong></strong></strong></strong></strong></strong></strong></strong></strong></strong></strong></strong></strong></strong></strong></strong></strong></strong></strong></strong></strong></strong></strong></strong></strong></strong></strong></strong></strong></strong></strong></strong></strong></strong></strong></strong></strong></strong></strong></strong></strong></strong></strong></strong></strong></strong></strong></strong></strong></strong></strong></strong></strong></strong></strong></strong></strong></strong></strong></strong></strong></strong></strong></strong></strong></strong></strong></strong></strong></strong></strong></strong></strong></strong></strong></strong></strong></strong></strong></strong></strong></strong></strong></strong></strong></strong></strong></strong></strong></strong></strong></strong></strong></strong></strong></strong></strong></strong></strong></strong></strong></strong></strong></strong></strong></p>\r\n<p style=\"padding-left: 30px; \">\u00a0</p>\r\n<h3><strong>Proposituras modelos:</strong></h3>\r\n<p style=\"padding-left: 60px; \"><strong><strong><strong><strong><a title=\"\" href=\"https://www.embuguacu.sp.leg.br/documentos-servidores/INDICACAO.docx\" class=\"internal-link\" target=\"_blank\"><img alt=\"\" class=\"image-inline\" src=\"../imagens/WORD.jpg/@@images/064e2f49-4936-47b5-b083-71bb758365eb.jpeg\" title=\"\" />MODELO\u00a0<b>INDICA\u00c7\u00c3O</b></a></strong></strong></strong></strong></p>\r\n<p style=\"padding-left: 60px; \"><strong><strong><strong><a title=\"\" href=\"https://www.embuguacu.sp.leg.br/documentos-servidores/copy2_of_MOAO.docx\" class=\"internal-link\" target=\"_blank\"><img alt=\"\" class=\"image-inline\" src=\"../imagens/WORD.jpg/@@images/064e2f49-4936-47b5-b083-71bb758365eb.jpeg\" title=\"\" />MODELO\u00a0<b>MO\u00c7\u00c3O</b></a></strong></strong></strong></p>\r\n<p style=\"padding-left: 60px; \"><strong><strong><strong><a title=\"\" href=\"https://www.embuguacu.sp.leg.br/documentos-servidores/copy3_of_PROJETODELEI.docx\" class=\"internal-link\" target=\"_blank\"><img alt=\"\" class=\"image-inline\" src=\"../imagens/WORD.jpg/@@images/064e2f49-4936-47b5-b083-71bb758365eb.jpeg\" title=\"\" />MODELO\u00a0PROJETO DE LEI</a></strong></strong></strong></p>\r\n<p style=\"padding-left: 60px; \"><strong><strong><strong><strong><strong><strong><a title=\"\" href=\"https://www.embuguacu.sp.leg.br/documentos-servidores/PROJETODELEIdenominacao.docx\" class=\"internal-link\" target=\"_blank\"><img alt=\"\" class=\"image-inline\" src=\"../imagens/WORD.jpg/@@images/064e2f49-4936-47b5-b083-71bb758365eb.jpeg\" title=\"\" />MODELO\u00a0PROJETO DE LEI - denomina\u00e7\u00e3o</a></strong></strong></strong></strong></strong></strong></p>\r\n<p style=\"padding-left: 60px; \"><strong><strong><strong><a title=\"\" href=\"https://www.embuguacu.sp.leg.br/servidor/copy_of_PROJETODECRETOhonrarias.docx\" class=\"internal-link\" target=\"_blank\"><img alt=\"\" class=\"image-inline\" src=\"../imagens/WORD.jpg/@@images/064e2f49-4936-47b5-b083-71bb758365eb.jpeg\" title=\"\" />MODELO <b>P</b>ROJETO DE DECRETO\u00a0</a></strong></strong></strong></p>\r\n<p style=\"padding-left: 60px; \"><strong><strong><strong><b><strong><strong><strong><a title=\"\" href=\"https://www.embuguacu.sp.leg.br/documentos-servidores/copy2_of_EMENDA.docx\" class=\"internal-link\" target=\"_blank\"><img alt=\"\" class=\"image-inline\" src=\"../imagens/WORD.jpg/@@images/064e2f49-4936-47b5-b083-71bb758365eb.jpeg\" title=\"\" />MODELO\u00a0<b>EMENDA</b></a></strong></strong></strong></b></strong></strong></strong></p>\r\n<p style=\"padding-left: 60px; \"><strong><strong><strong><strong><strong><strong><a title=\"\" href=\"https://www.embuguacu.sp.leg.br/documentos-servidores/copy_of_REQUERIMENTOprefeitoa.docx\" class=\"internal-link\" target=\"_blank\"><img alt=\"\" class=\"image-inline\" src=\"../imagens/WORD.jpg/@@images/064e2f49-4936-47b5-b083-71bb758365eb.jpeg\" title=\"\" />MODELO\u00a0<b>REQUERIMENTO (PREFEITO)</b></a></strong></strong></strong></strong></strong></strong></p>\r\n<p style=\"padding-left: 60px; \"><strong><strong><strong><strong><strong><strong><strong><strong><strong><strong><strong><strong><a title=\"\" href=\"https://www.embuguacu.sp.leg.br/documentos-servidores/copy_of_REQUERIMENTOsecretarioa.docx\" class=\"internal-link\" target=\"_blank\"><img alt=\"\" class=\"image-inline\" src=\"../imagens/WORD.jpg/@@images/064e2f49-4936-47b5-b083-71bb758365eb.jpeg\" title=\"\" />MODELO\u00a0<strong><strong><strong><strong><strong><strong><b>REQUERIMENTO (SECRET\u00c1RIO)</b></strong></strong></strong></strong></strong></strong></a></strong></strong></strong></strong></strong></strong></strong></strong></strong></strong></strong></strong></p>\r\n<p style=\"padding-left: 60px; \"><strong><strong><strong><strong><strong><strong><a title=\"\" href=\"https://www.embuguacu.sp.leg.br/documentos-servidores/copy_of_REQUERIMENTOesclarecimentogeral.docx\" class=\"internal-link\" target=\"_blank\"><img alt=\"\" class=\"image-inline\" src=\"../imagens/WORD.jpg/@@images/064e2f49-4936-47b5-b083-71bb758365eb.jpeg\" title=\"\" />MODELO\u00a0<strong><strong><strong><strong><strong><strong><strong><strong><strong><strong><strong><strong><strong>REQUERIMENTO (PADR\u00c3O)</strong></strong></strong></strong></strong></strong></strong></strong></strong></strong></strong></strong></strong></a></strong></strong></strong></strong></strong></strong></p>\r\n<p style=\"padding-left: 60px; \"><strong><strong><strong><strong><strong><strong><a title=\"\" href=\"https://www.embuguacu.sp.leg.br/documentos-servidores/copy_of_REQUERIMENTOurgencia.docx\" class=\"internal-link\" target=\"_blank\"><img alt=\"\" class=\"image-inline\" src=\"../imagens/WORD.jpg/@@images/064e2f49-4936-47b5-b083-71bb758365eb.jpeg\" title=\"\" />MODELO\u00a0<strong><strong><strong><strong><strong><strong><strong>REQUERIMENTO (URG\u00caNCIA)</strong></strong></strong></strong></strong></strong></strong></a></strong></strong></strong></strong></strong></strong></p>\r\n<p style=\"padding-left: 60px; \"><strong><strong><strong><strong><strong><strong><a title=\"\" href=\"https://www.embuguacu.sp.leg.br/documentos-servidores/copy2_of_REQUERIMENTOvotolouvor.docx\" class=\"internal-link\" target=\"_blank\"><img alt=\"\" class=\"image-inline\" src=\"../imagens/WORD.jpg/@@images/064e2f49-4936-47b5-b083-71bb758365eb.jpeg\" title=\"\" />MODELO <strong><strong><strong><strong><strong><strong><strong>REQUERIMENTO</strong>\u00a0(</strong></strong></strong></strong></strong></strong>VOTO DE LOUVOR E CONGRATULA\u00c7\u00c3O)</a></strong></strong></strong></strong></strong></strong></p>\r\n<p style=\"padding-left: 60px; \"><strong><strong><strong><strong><strong><strong><strong><strong><strong><strong><strong><strong><a title=\"\" href=\"https://www.embuguacu.sp.leg.br/servidor/manual_elaborao_atos.docx\" class=\"internal-link\" target=\"_blank\"><img alt=\"\" class=\"image-inline\" src=\"../imagens/WORD.jpg/@@images/064e2f49-4936-47b5-b083-71bb758365eb.jpeg\" title=\"\" />MANUAL DE ELABORA\u00c7\u00c3O - ATOS</a></strong></strong></strong></strong></strong></strong></strong></strong></strong></strong></strong></strong></p>\r\n<p style=\"padding-left: 60px; \"><strong><strong><strong><strong><strong><strong><strong><strong><strong><strong><strong><strong><br /></strong></strong></strong></strong></strong></strong></strong></strong></strong></strong></strong></strong></p>\r\n<h3><strong>Emendas Parlamentares 2025:</strong></h3>\r\n<p style=\"text-align: justify; \"><strong><strong><strong><strong>\u00a0 \u00a0 \u00a0 \u00a0 \u00a0 \u00a0 \u00a0 \u00a0\u00a0<a title=\"\" href=\"https://www.embuguacu.sp.leg.br/servidor/formulrioemendasimpositivas.docx\" class=\"internal-link\" target=\"_blank\"><img alt=\"\" class=\"image-inline\" src=\"../imagens/WORD.jpg/@@images/064e2f49-4936-47b5-b083-71bb758365eb.jpeg\" title=\"\" />\u00a0FORMUL\u00c1RIO DE EMENDAS IMPOSITIVAS\u00a0</a></strong></strong></strong></strong></p>\r\n<p style=\"text-align: justify; \"><strong><strong><strong>\u00a0 \u00a0 \u00a0 \u00a0 \u00a0 \u00a0 \u00a0 \u00a0\u00a0<br /></strong></strong></strong></p>\r\n<p style=\"text-align: justify; \"><strong><strong><strong>\u00a0 \u00a0 \u00a0 \u00a0 \u00a0 \u00a0 \u00a0 \u00a0</strong></strong></strong></p>\r\n<p style=\"text-align: justify; \"><strong><strong><strong>Anexo Portaria n\u00ba 018/2024</strong></strong></strong></p>\r\n<p style=\"text-align: justify; \"><strong><strong><strong><strong><strong><strong>\u00a0 \u00a0 \u00a0 \u00a0 \u00a0 \u00a0 \u00a0 \u00a0\u00a0<a title=\"\" href=\"https://www.embuguacu.sp.leg.br/documentos-servidores/EMENDAmodificativa_2024.docx\" class=\"internal-link\" target=\"_blank\"><img alt=\"\" class=\"image-inline\" src=\"../imagens/WORD.jpg/@@images/064e2f49-4936-47b5-b083-71bb758365eb.jpeg\" title=\"\" /></a><a title=\"\" href=\"https://www.embuguacu.sp.leg.br/servidor/AnexoPortaria0182024.docx\" class=\"internal-link\" target=\"_self\">NOTIFICA\u00c7\u00c3O</a></strong></strong></strong></strong></strong></strong></p>\r\n<p style=\"text-align: justify; \"><strong><strong><strong><strong><strong><strong>\u00a0 \u00a0 \u00a0 \u00a0 \u00a0 \u00a0 \u00a0 \u00a0</strong></strong></strong></strong></strong></strong></p>\r\n<p style=\"text-align: justify; \">\u00a0</p>\r\n<p style=\"padding-left: 60px; text-align: left; \"><strong><strong><strong><strong><strong><strong><br /></strong></strong></strong></strong></strong></strong></p>\r\n<p><strong>Mais informa\u00e7\u00f5es:</strong></p>\r\n<p>Secretaria Administrativa, localizada no Pr\u00e9dio da C\u00e2mara Municipal.\u00a0<span>(11) 4661-1116/ </span><span>adm@embuguacu.sp.leg.br</span></p>\r\n<p>Secretaria Legislativa, localizada no Pr\u00e9dio da C\u00e2mara Municipal.\u00a0(11) 4661-1116/\u00a0legislativo@embuguacu.sp.leg.br</p>\r\n<pre>Fonte: CMEG</pre>\r\n<p>\u00a0</p>", "author_name": "", "version": "1.0", "author_url": "https://www.embuguacu.sp.leg.br/author/adm", "provider_name": "C\u00e2mara Municipal de Embu-Gua\u00e7u", "type": "rich"}