{"provider_url": "https://www.embuguacu.sp.leg.br", "title": "URNA DO TEMPO", "html": "<p>\u00c9 com grande entusiasmo que convidamos voc\u00ea a deixar sua marca na hist\u00f3ria de Embu-Gua\u00e7u participando da cria\u00e7\u00e3o da <strong>URNA DO TEMPO</strong>. Ela ficar\u00e1 guardada para que as gera\u00e7\u00f5es futuras possam descobrir um pouco sobre a vida e os pensamentos de quem nos antecedeu.</p>\r\n<p>\u00a0</p>\r\n<p>Seja parte deste momento especial <strong><em>compartilhando sua mensagem, pensamentos, desejos para o futuro, ou simplesmente uma lembran\u00e7a que gostaria de deixar para as gera\u00e7\u00f5es vindouras</em></strong>. Sua contribui\u00e7\u00e3o ser\u00e1 parte integrante deste tesouro, que ser\u00e1 revelado no <em><strong>anivers\u00e1rio de 100 anos de Embu-Gua\u00e7u, daqui a 41 anos</strong>.</em></p>\r\n<p>\u00a0</p>\r\n<p>Traga sua mensagem escrita, ou venha escrever aqui <em>(</em><span><em>Rua Emilia Pires, 135 -\u00a0Centro)</em>.</span></p>\r\n<p>\u00a0</p>\r\n<p style=\"text-align: center; \"><strong>A urna ser\u00e1 lacrada na pr\u00f3xima Sess\u00e3o Solene, dia 27 de mar\u00e7o.</strong></p>\r\n<p style=\"text-align: center; \"><strong>Participe!</strong></p>", "author_name": "", "version": "1.0", "author_url": "https://www.embuguacu.sp.leg.br/author/admin", "provider_name": "C\u00e2mara Municipal de Embu-Gua\u00e7u", "type": "rich"}