{"provider_url": "https://www.embuguacu.sp.leg.br", "title": "SETEMBRO AMARELO", "html": "<p style=\"text-align: justify; \" data-start=\"291\" data-end=\"507\">A C\u00e2mara Municipal de Embu-Gua\u00e7u aderiu oficialmente \u00e0 campanha <strong data-start=\"355\" data-end=\"375\">Setembro Amarelo</strong>, iniciativa que tem como objetivo conscientizar a popula\u00e7\u00e3o sobre a import\u00e2ncia da preven\u00e7\u00e3o do suic\u00eddio e a valoriza\u00e7\u00e3o da vida.</p>\r\n<p style=\"text-align: justify; \" data-start=\"509\" data-end=\"911\">Durante todo o m\u00eas de setembro, diversas a\u00e7\u00f5es em todo o pa\u00eds buscam promover o di\u00e1logo, combater o estigma e refor\u00e7ar que falar \u00e9 sempre a melhor solu\u00e7\u00e3o. No Brasil, a campanha \u00e9 organizada pelo Centro de Valoriza\u00e7\u00e3o da Vida (CVV), Conselho Federal de Medicina (CFM) e Associa\u00e7\u00e3o Brasileira de Psiquiatria (ABP), tendo como data simb\u00f3lica o <strong data-start=\"851\" data-end=\"908\">10 de setembro \u2013 Dia Mundial de Preven\u00e7\u00e3o ao Suic\u00eddio</strong>.</p>\r\n<p style=\"text-align: justify; \" data-start=\"913\" data-end=\"1110\">Ao apoiar a campanha, a C\u00e2mara Municipal busca contribuir para a mobiliza\u00e7\u00e3o da sociedade local, incentivando a escuta, o acolhimento e a empatia como instrumentos fundamentais para salvar vidas.</p>\r\n<blockquote data-start=\"1112\" data-end=\"1240\">\r\n<p style=\"text-align: center; \" data-start=\"1114\" data-end=\"1240\"><strong data-start=\"1114\" data-end=\"1240\">\u201cSua vida importa. Se voc\u00ea estiver passando por um momento dif\u00edcil, n\u00e3o hesite em buscar apoio. Falar \u00e9 a melhor solu\u00e7\u00e3o.\u201d</strong></p>\r\n</blockquote>\r\n<p style=\"text-align: justify; \" data-start=\"1242\" data-end=\"1474\">\ud83d\udcde O CVV \u2013 Centro de Valoriza\u00e7\u00e3o da Vida oferece apoio emocional gratuito, volunt\u00e1rio e sigiloso, dispon\u00edvel 24 horas por dia, pelo telefone <strong data-start=\"1383\" data-end=\"1390\">188</strong>, al\u00e9m de chat e e-mail no site oficial: <a class=\"decorated-link cursor-pointer\" rel=\"noopener\" target=\"_new\" data-start=\"1431\" data-end=\"1471\">www.cvv.org.br<span class=\"ms-0.5 inline-block align-middle leading-none\"></span></a>.</p>\r\n<hr data-start=\"1476\" data-end=\"1479\" />\r\n<p data-start=\"1481\" data-end=\"1619\">\ud83d\udccc <strong data-start=\"1484\" data-end=\"1617\">Saiba mais sobre o Setembro Amarelo acessando o site oficial da campanha: <a class=\"decorated-link cursor-pointer\" rel=\"noopener\" target=\"_new\" data-start=\"1560\" data-end=\"1615\">setembroamarelo.com</a></strong></p>\r\n<p data-start=\"1481\" data-end=\"1619\">\u00a0</p>\r\n<p data-start=\"1481\" data-end=\"1619\"><strong data-start=\"1484\" data-end=\"1617\"></strong></p>\r\n<p data-start=\"1194\" data-end=\"1260\"><strong data-start=\"1227\" data-end=\"1260\"></strong></p>\r\n<p data-start=\"1481\" data-end=\"1619\"><strong data-start=\"1484\" data-end=\"1617\"></strong></p>\r\n<pre>Fonte: C\u00c2MARA MUNICIPAL DE EMBU-GUA\u00c7U</pre>\r\n<p data-start=\"1481\" data-end=\"1619\"><strong data-start=\"1484\" data-end=\"1617\"><br /></strong></p>", "author_name": "", "version": "1.0", "author_url": "https://www.embuguacu.sp.leg.br/author/admin", "provider_name": "C\u00e2mara Municipal de Embu-Gua\u00e7u", "type": "rich"}