{"provider_url": "https://www.embuguacu.sp.leg.br", "title": "Sess\u00e3o Solene na C\u00e2mara Municipal", "html": "<p style=\"text-align: justify; \"><span>A C\u00e2mara Municipal de Embu-Gua\u00e7u realizou na noite de sexta-feira, 25, a Sess\u00e3o Solene comemorativa aos 57 anos de anivers\u00e1rio da Emancipa\u00e7\u00e3o Pol\u00edtico-Administrativa do munic\u00edpio de Embu-Gua\u00e7u.\u00a0</span></p>\r\n<p style=\"text-align: justify; \"><span style=\"text-align: left; \">O evento que j\u00e1 \u00e9 tradicional no\u00a0</span><a href=\"https://www.cmf.sc.gov.br/\" rel=\"noopener\" style=\"text-align: left; \" target=\"_blank\">Legislativo Municipal</a>,<span style=\"text-align: left; \">\u00a0foi o primeiro a ser realizado nessa legislatura</span><span style=\"text-align: left; \">.</span></p>\r\n<p style=\"text-align: justify; \"><span>Representantes de institui\u00e7\u00f5es, ex-vereadores, servidores p\u00fablicos, e a comunidade em geral participaram da solenidade. O Prefeito Jos\u00e9 Ant\u00f4nio Pereira, bem como os secret\u00e1rios municipais, tamb\u00e9m estiveram presentes na Sess\u00e3o.</span></p>\r\n<p style=\"text-align: center; \">Confira as fotos da Sess\u00e3o <strong><a class=\"external-link\" href=\"https://drive.google.com/drive/folders/1vVT5mXr7ouQAGLoPwS_1lKDkYxT3qgxB?usp=sharing\" target=\"_self\" title=\"\">clicando aqui</a></strong>.</p>\r\n<p style=\"text-align: center; \"><span>Confira o video da Sess\u00e3o\u00a0</span><a class=\"external-link\" href=\"https://www.youtube.com/watch?v=MYSN1_Qs3V8&amp;t=30s\" target=\"_self\" title=\"\"><strong>clicando aqui</strong><span>.</span></a></p>\r\n<p style=\"text-align: center; \"><img src=\"https://www.embuguacu.sp.leg.br/institucional/fotos/sessao-solene-57-anos/sessao-solene-57-anos-01.jpg/@@images/eb41257a-a044-41f3-9a09-79e4bade09d8.jpeg\" style=\"text-align: justify; \" title=\"Sess\u00e3o Solene 57 Anos-01.jpg\" class=\"image-inline\" alt=\"Vereador Professor COlle\" /><span style=\"text-align: justify; \">\u00a0</span><img src=\"https://www.embuguacu.sp.leg.br/institucional/fotos/sessao-solene-57-anos/sessao-solene-57-anos-02.jpg/@@images/ada9bc5b-2fd9-4d96-861c-0e2c8d2878cf.jpeg\" style=\"text-align: justify; \" title=\"Sess\u00e3o Solene 57 Anos-02.jpg\" class=\"image-inline\" alt=\"Vereador Edmilson Santos\" /><span style=\"text-align: justify; \">\u00a0</span><img src=\"https://www.embuguacu.sp.leg.br/institucional/fotos/sessao-solene-57-anos/sessao-solene-57-anos-03.jpg/@@images/37de784e-614d-483e-a138-8723d34b0300.jpeg\" style=\"text-align: justify; \" title=\"Sess\u00e3o Solene 57 Anos-03.jpg\" class=\"image-inline\" alt=\"Vereador Clebinho Jogador\" /><span style=\"text-align: justify; \">\u00a0</span><img src=\"https://www.embuguacu.sp.leg.br/institucional/fotos/sessao-solene-57-anos/sessao-solene-57-anos-04.jpg/@@images/e915f295-21b1-47aa-ab53-274ba6526250.jpeg\" style=\"text-align: justify; \" title=\"Sess\u00e3o Solene 57 Anos-04.jpg\" class=\"image-inline\" alt=\"Sess\u00e3o Solene 57 Anos-04.jpg\" /><span style=\"text-align: justify; \">\u00a0</span><img src=\"https://www.embuguacu.sp.leg.br/institucional/fotos/sessao-solene-57-anos/sessao-solene-57-anos-05.jpg/@@images/687694d3-ecd0-4ee7-854f-037a6847d0b3.jpeg\" style=\"text-align: justify; \" title=\"Sess\u00e3o Solene 57 Anos-05.jpg\" class=\"image-inline\" alt=\"Vereador Jo\u00e3ozinho do Cavalo\" /><span style=\"text-align: justify; \">\u00a0</span><img src=\"https://www.embuguacu.sp.leg.br/institucional/fotos/sessao-solene-57-anos/sessao-solene-57-anos-08.jpg/@@images/1c5d1428-9aa6-4fd3-bb85-c503575633f8.jpeg\" style=\"text-align: justify; \" title=\"Sess\u00e3o Solene 57 Anos-08.jpg\" class=\"image-inline\" alt=\"Sess\u00e3o Solene 57 Anos-08.jpg\" /><span style=\"text-align: justify; \">\u00a0</span><img src=\"https://www.embuguacu.sp.leg.br/institucional/fotos/sessao-solene-57-anos/sessao-solene-57-anos-09.jpg/@@images/cddae4ee-f032-4afa-8f1c-42a8033ce580.jpeg\" style=\"text-align: justify; \" title=\"Sess\u00e3o Solene 57 Anos-09.jpg\" class=\"image-inline\" alt=\"Vereador Jo\u00e3o Sen\u00e9\" /><span style=\"text-align: justify; \">\u00a0</span><img src=\"https://www.embuguacu.sp.leg.br/institucional/fotos/sessao-solene-57-anos/sessao-solene-57-anos-10.jpg/@@images/7b091c1d-2d06-413c-8079-90039951368b.jpeg\" style=\"text-align: justify; \" title=\"Sess\u00e3o Solene 57 Anos-10.jpg\" class=\"image-inline\" alt=\"Vereador Engenheiro Barros\" /><span style=\"text-align: justify; \">\u00a0</span><img src=\"https://www.embuguacu.sp.leg.br/institucional/fotos/sessao-solene-57-anos/sessao-solene-57-anos-14.jpg/@@images/6e051c50-955d-4b2b-8158-151a8d7fce4e.jpeg\" style=\"text-align: justify; \" title=\"Sess\u00e3o Solene 57 Anos-14.jpg\" class=\"image-inline\" alt=\"Prefeito e Vereadores\" /><span style=\"text-align: justify; \">\u00a0</span><img src=\"https://www.embuguacu.sp.leg.br/institucional/fotos/sessao-solene-57-anos/sessao-solene-57-anos-27.jpg/@@images/8195b871-30c8-4f68-ac08-5da2dccc175c.jpeg\" style=\"text-align: justify; \" title=\"Sess\u00e3o Solene 57 Anos-27.jpg\" class=\"image-inline\" alt=\"Servidor Luiz Fernando\" /><span style=\"text-align: justify; \">\u00a0 \u00a0 \u00a0 \u00a0</span><img src=\"https://www.embuguacu.sp.leg.br/institucional/fotos/sessao-solene-57-anos/sessao-solene-57-anos-16.jpg/@@images/9b231b3e-ec0f-4c8f-b1ec-7dc89c012151.jpeg\" style=\"text-align: justify; \" title=\"Sess\u00e3o Solene 57 Anos-16.jpg\" class=\"image-inline\" alt=\"Vereador Toninho Valflor\" /><span style=\"text-align: justify; \">\u00a0 \u00a0 \u00a0 \u00a0 \u00a0 \u00a0 \u00a0 \u00a0</span></p>\r\n<p>\u00a0</p>\r\n<pre><b> <span>Sess\u00e3o Solene CMEG / <span>Foto: KeizeBia /</span> </span>Fonte: CMEG</b></pre>", "author_name": "", "version": "1.0", "author_url": "https://www.embuguacu.sp.leg.br/author/adm", "provider_name": "C\u00e2mara Municipal de Embu-Gua\u00e7u", "type": "rich"}