{"provider_url": "https://www.embuguacu.sp.leg.br", "title": "SESS\u00c3O SOLENE ANIVERS\u00c1RIO DE 59 ANOS", "html": "<p>Na \u00faltima quarta-feira, 27 de mar\u00e7o de 2024, a C\u00e2mara Municipal de Embu-Gua\u00e7u realizou sess\u00e3o solene em comemora\u00e7\u00e3o aos 59 anos de Emancipa\u00e7\u00e3o Pol\u00edtico-Administrativa de Embu-Gua\u00e7u. Durante a sess\u00e3o foram entregue honrarias as personalidades que se destacaram em nosso munic\u00edpio.</p>\r\n<p><br />Representantes de diversas institui\u00e7\u00f5es, ex-vereadores, servidores p\u00fablicos e membros da comunidade em geral se uniram nesse momento especial, celebrando e reconhecendo os esfor\u00e7os que ajudam a construir uma Embu-Gua\u00e7u cada vez melhor.<br /> <br />\u00a0Entre os homenageados, est\u00e3o verdadeiros her\u00f3is locais, cujo compromisso e dedica\u00e7\u00e3o deixam um legado valioso em nossa hist\u00f3ria. Seu trabalho n\u00e3o s\u00f3 inspira, mas tamb\u00e9m motiva todos n\u00f3s a continuarmos empenhados na constru\u00e7\u00e3o de uma cidade mais justa e pr\u00f3spera para todos.<br /> <br />O Prefeito Jos\u00e9 Ant\u00f4nio Pereira e o Juiz de Direito Willi Lucarelli, tamb\u00e9m marcaram presen\u00e7a nesse emocionante evento, demonstrando seu apoio e reconhecimento a esses verdadeiros exemplos de cidadania e comprometimento.</p>\r\n<p style=\"text-align: center; \"><strong>Confira as fotos da Sess\u00e3o\u00a0</strong><strong><a class=\"external-link\" href=\"https://drive.google.com/drive/folders/1d1vbHms33lRJGATR9GjMkLxCvmOngd0j?usp=sharing\" target=\"_self\" title=\"\">clicando aqui</a></strong><a class=\"external-link\" href=\"https://drive.google.com/drive/folders/1ANunA-iY_zBe7A76VXA0qDRJ7wBzcxkc?usp=sharing\" target=\"_self\" title=\"\">.</a></p>\r\n<p style=\"text-align: center; \"><strong>Confira o v\u00eddeo da Sess\u00e3o</strong>\u00a0<strong><a class=\"external-link\" href=\"https://www.youtube.com/live/CtUzFSLScxY?si=Sz6pDJdvsRECYVzj&amp;t=451\" target=\"_self\" title=\"\">clicando aqui</a></strong><a title=\"\" href=\"https://www.embuguacu.sp.leg.br/institucional/videos/2024/sessoes/sessao-solene-de-entrega-das-honrarias\" class=\"external-link\" target=\"_self\">.</a></p>\r\n<p><img src=\"https://www.embuguacu.sp.leg.br/imagens/WhatsAppImage20240328at1.19.23PM.jpeg/@@images/62d0e7d3-bb83-4492-b441-0cdb80b0a74e.jpeg\" alt=\"\" class=\"image-inline\" title=\"\" /></p>\r\n<p>\u00a0</p>\r\n<p><em><strong>Fotos: Keize Bia </strong></em></p>\r\n<p><span>\u00a0</span></p>\r\n<div>\r\n<pre><b>Fonte: CMEG</b></pre>\r\n<div><b><br /></b></div>\r\n</div>", "author_name": "", "version": "1.0", "author_url": "https://www.embuguacu.sp.leg.br/author/admin", "provider_name": "C\u00e2mara Municipal de Embu-Gua\u00e7u", "type": "rich"}