{"provider_url": "https://www.embuguacu.sp.leg.br", "title": "SESS\u00c3O SOLENE 60 ANOS", "html": "<h3 style=\"text-align: center; \"><strong>CONVITE!</strong></h3>\r\n<p><i><br /></i></p>\r\n<p style=\"text-align: justify; \" data-start=\"74\" data-end=\"428\">A\u00a0<em><strong>C\u00e2mara Municipal de Embu-Gua\u00e7u realizar\u00e1, no dia 28 de mar\u00e7o de 2025, \u00e0s 10 horas, no Plen\u00e1rio da C\u00e2mara Municipal, uma Sess\u00e3o Solene para celebrar os 60 anos de hist\u00f3ria do nosso munic\u00edpio</strong></em>. O evento, aberto a toda a popula\u00e7\u00e3o e com transmiss\u00e3o ao vivo, promete ser um marco de reconhecimento e valoriza\u00e7\u00e3o da trajet\u00f3ria e das conquistas de Embu-Gua\u00e7u.</p>\r\n<p style=\"text-align: justify; \" data-start=\"430\" data-end=\"808\">Nesta solenidade, ser\u00e3o entregues os T\u00edtulos de Cidad\u00e3o Embu-Gua\u00e7uense a personalidades que, por meio de suas contribui\u00e7\u00f5es, ajudaram a construir e transformar a cidade em que vivemos. A cerim\u00f4nia reunir\u00e1 autoridades municipais, representantes da sociedade civil e convidados especiais, todos unidos pelo compromisso com o desenvolvimento social, cultural e econ\u00f4mico da regi\u00e3o.</p>\r\n<p style=\"text-align: justify; \" data-start=\"810\" data-end=\"1043\">A Sess\u00e3o Solene n\u00e3o apenas homenageia o passado, mas tamb\u00e9m projeta um futuro promissor, ressaltando a import\u00e2ncia da participa\u00e7\u00e3o ativa da comunidade na defini\u00e7\u00e3o de pol\u00edticas p\u00fablicas que promovam o bem-estar de todos os mun\u00edcipes.</p>\r\n<p style=\"text-align: justify; \" data-start=\"1045\" data-end=\"1161\" data-is-last-node=\"\" data-is-only-node=\"\">Fique atento \u00e0 nossa programa\u00e7\u00e3o e participe deste momento hist\u00f3rico de celebra\u00e7\u00e3o e compromisso com a nossa cidade.</p>\r\n<p>\u00a0</p>\r\n<pre>Fonte: CMEG</pre>", "author_name": "", "version": "1.0", "author_url": "https://www.embuguacu.sp.leg.br/author/admin", "provider_name": "C\u00e2mara Municipal de Embu-Gua\u00e7u", "type": "rich"}