{"provider_url": "https://www.embuguacu.sp.leg.br", "title": "SESS\u00c3O SOLENE 59 ANOS", "html": "<h3 style=\"text-align: center; \"><strong>CONVITE!</strong></h3>\r\n<p><i><br /></i></p>\r\n<p><i>A C\u00e2mara Municipal de Embu-Gua\u00e7u, tem a satisfa\u00e7\u00e3o de convidar Vossa Senhoria e estimada Fam\u00edlia, para a\u00a0<strong>Sess\u00e3o Solene</strong>\u00a0em Comemora\u00e7\u00e3o ao \u201c<b>59\u00ba Anivers\u00e1rio de Emancipa\u00e7\u00e3o Pol\u00edtico-Administrativa de Embu-Gua\u00e7u\u201d</b>, \u00e0 realizar-se no dia\u00a0<b>27 de mar\u00e7o de 2024, quarta-feira, \u00e0s 18:00 horas</b>, na\u00a0<i><strong>C\u00e2mara Municipal de Embu-Gua\u00e7u</strong></i>.</i></p>\r\n<p style=\"text-align: justify; \">Tamb\u00e9m acontecer\u00e1 o <strong>ato oficial do fechamento da Urna do Tempo</strong>, onde ficar\u00e3o guardadas mensagens deixadas \u00e0s gera\u00e7\u00f5es futuras, e que <strong>somente ser\u00e1 reaberta no ano de 2065, quando o Poder Legislativo completar 100 anos</strong>.</p>\r\n<p>\u00a0</p>\r\n<pre>Fonte: CMEG</pre>", "author_name": "", "version": "1.0", "author_url": "https://www.embuguacu.sp.leg.br/author/admin", "provider_name": "C\u00e2mara Municipal de Embu-Gua\u00e7u", "type": "rich"}