{"provider_url": "https://www.embuguacu.sp.leg.br", "title": "SESS\u00c3O SOLENE", "html": "<p>C\u00e2mara Municipal de Embu-Gua\u00e7u realizou na noite da ultima sexta-feira, 02 de fevereiro de 2024, a <i><i><strong>Sess\u00e3o Solene de entrega das honrarias</strong></i></i>.\u00a0</p>\r\n<p>Na oportunidade pessoas que se destacaram pelos seus relevantes servi\u00e7os prestados ao munic\u00edpio, foram homenageados\u00a0com honrarias de M\u00e9rito.</p>\r\n<p>Representantes de institui\u00e7\u00f5es, ex-vereadores, servidores p\u00fablicos, e a comunidade em geral participaram da solenidade. O Prefeito Jos\u00e9 Ant\u00f4nio Pereira, tamb\u00e9m esteve presente na Sess\u00e3o.</p>\r\n<p style=\"text-align: center; \"><strong>Confira as fotos da Sess\u00e3o\u00a0</strong><a class=\"external-link\" href=\"https://drive.google.com/drive/folders/1ANunA-iY_zBe7A76VXA0qDRJ7wBzcxkc?usp=sharing\" target=\"_self\" title=\"\"><strong>clicando aqui</strong>.</a></p>\r\n<p style=\"text-align: center; \"><strong>Confira o v\u00eddeo da Sess\u00e3o</strong>\u00a0<a title=\"\" href=\"https://www.embuguacu.sp.leg.br/institucional/videos/2024/sessoes/sessao-solene-de-entrega-das-honrarias\" class=\"external-link\" target=\"_self\"><strong>clicando aqui</strong>.</a></p>\r\n<p>\u00a0<img src=\"https://www.embuguacu.sp.leg.br/imagens/WhatsAppImage20240208at08.34.15.jpeg/@@images/2c9bab2e-f0cf-4405-b12e-f88caea3ad14.jpeg\" alt=\"\" class=\"image-inline\" title=\"\" /></p>\r\n<p>\u00a0</p>\r\n<p><em><strong>Fotos: Keize Bia e Lucas Myller</strong></em></p>\r\n<p>\u00a0</p>\r\n<div>\r\n<pre><b>Fonte: CMEG</b></pre>\r\n</div>\r\n<div><b><br /></b></div>", "author_name": "", "version": "1.0", "author_url": "https://www.embuguacu.sp.leg.br/author/adm", "provider_name": "C\u00e2mara Municipal de Embu-Gua\u00e7u", "type": "rich"}