{"provider_url": "https://www.embuguacu.sp.leg.br", "title": "SESS\u00c3O SOLENE", "html": "<p><i>A C\u00e2mara Municipal de Embu-Gua\u00e7u, tem a satisfa\u00e7\u00e3o de convidar\u00a0<i>voc\u00ea para a\u00a0<strong>Sess\u00e3o Solene de entrega das honrarias</strong></i>, \u00e0 realizar-se no dia\u00a0<b>02 de fevereiro de 2024, sexta-feira, \u00e0s 19:00 horas</b>, na\u00a0<i><strong>C\u00e2mara Municipal de Embu-Gua\u00e7u</strong></i>.</i></p>\r\n<div><i>Ser\u00e3o homenageados pelos nobres Edis:</i></div>\r\n<div><i><br /></i></div>\r\n<p style=\"text-align: left; \">\u00a0<strong><i>T\u00edtulo de Cidad\u00e3o Embu-Gua\u00e7uense:</i></strong></p>\r\n<p class=\" \"><em>Vereador Engenheiro Barros -\u00a0Ao Ilustr\u00edssimo Sr. Valter Jos\u00e9 Ferreira \u2013 Pai Kay\u00e1;\u00a0</em></p>\r\n<p class=\" \"><em><em>Vereador Engenheiro Barros -\u00a0A Ilustr\u00edssima Sra. Elvira Ros;\u00a0</em></em></p>\r\n<p class=\" \"><em><em>Vereador Engenheiro Barros -\u00a0Ao Ilustr\u00edssimo Sr. Manoel Domingues \u2013 Pai Odesi;\u00a0</em></em></p>\r\n<p class=\" \"><em><em><em>Vereador Clebinho Jogador -\u00a0Ao Ilustr\u00edssimo Sr. Fellipe Mello Rossi;\u00a0</em></em></em></p>\r\n<p class=\" \"><em><em><em>Vereador Clebinho Jogador -\u00a0Ao Ilustr\u00edssimo Sr. Victor Mello Rossi;\u00a0</em></em></em></p>\r\n<p class=\" \"><em><em>Vereador Jo\u00e3o Sen\u00e9 -\u00a0Ao Ilustr\u00edssimo Sr. Benedito do Nascimento \u2013 Dito;</em></em></p>\r\n<p class=\" \"><em><em><em>Vereador Lucas da Sa\u00fade -\u00a0Ao Ilustr\u00edssimo Sr. Carlito Justino Pereira;</em></em></em></p>\r\n<p class=\" \"><em><em>Vereador Lucas da Sa\u00fade -\u00a0Ao Ilustr\u00edssimo Sr. Marcos Claudio de Melo;</em></em></p>\r\n<p class=\" \"><em><em>Vereador Isaias Coelho -\u00a0A Ilustr\u00edssima Sra. Maria Idalina Gomes Camisa Nova;</em></em></p>\r\n<p class=\" \"><em><em><em>Vereador Prof. Colle -\u00a0Ao Ilustr\u00edssimo Sr. Jos\u00e9 Domingos da Silva;</em></em></em></p>\r\n<p class=\" \"><em>Vereador Edmilson Cabeleireiro -\u00a0Ao Ilustr\u00edssimo Sr. Riad Bacha;</em></p>\r\n<div>\r\n<p class=\" \"><em>Vereador\u00a0<em>Edmilson Cabeleireiro</em> -\u00a0Ao Ilustr\u00edssimo Sr. Carlos Fernando Pereira;</em></p>\r\n<p class=\" \"><em><em>Vereador Jo\u00e3ozinho do Cavalo\u00a0-\u00a0Ao Ilustr\u00edssimo Sr. Marco Antonio Furchi;</em></em></p>\r\n<p class=\" \"><em><em><em>Vereador Jo\u00e3ozinho do Cavalo\u00a0-\u00a0Ao Ilustr\u00edssimo Sr. Fernando Calicchio;</em></em></em></p>\r\n<p class=\" \"><em><em><em>Vereador Jo\u00e3ozinho do Cavalo\u00a0-\u00a0Ao Ilustr\u00edssimo Sr. Leuris Carlos Marson;</em></em></em></p>\r\n<p class=\" \"><em><em>Vereador Maicon Siqueira -\u00a0Ao Ilustr\u00edssimo Sr. Pastor Sergio Alves Barbosa;</em></em></p>\r\n<p class=\" \"><em><em>Vereador\u00a0<em>Maicon Siqueira</em> -\u00a0Ao Ilustr\u00edssimo Sr. Fernando Luiz da Silva;</em></em></p>\r\n<div><strong><i>Diploma Zumbi dos Palmares:</i></strong></div>\r\n<div><strong><i><br /></i></strong></div>\r\n</div>\r\n<p class=\" \"><em><em>Vereador Engenheiro Barros -\u00a0Ao Ilustr\u00edssimo Sr. Pai Jair</em>;\u00a0</em></p>\r\n<p class=\" \"><em><em>Vereador Clebinho Jogador -\u00a0Ao Ilustr\u00edssimo Sr. Carlos Alberto Fontana;\u00a0</em></em></p>\r\n<p class=\" \"><em><em>Vereador Carlinhos -\u00a0A Ilustr\u00edssima Sra. Rosimara Heleodoro;</em></em></p>\r\n<p class=\" \">\u00a0<strong style=\"text-align: center; \"><i>Diploma de Gratid\u00e3o ao Munic\u00edpio:</i></strong></p>\r\n<p class=\" \"><em>Vereador Clebinho Jogador -\u00a0A Ilustr\u00edssima Sra. Eliane de Souza Alves Machado;\u00a0</em></p>\r\n<p class=\" \"><em><em>Vereador Joaquim da Aposentadoria -\u00a0Ao Ilustr\u00edssimo Sr. Sergio Nimoi;\u00a0</em></em></p>\r\n<p class=\" \"><em><em><em>Vereador Joaquim da Aposentadoria</em>\u00a0-\u00a0Ao Ilustr\u00edssimo Sr. Luiz Fernando Ferreira de Souza;\u00a0</em></em></p>\r\n<p class=\" \"><em>Vereador Isaias Coelho -\u00a0Ao Ilustr\u00edssimo Sr. Vicente Pac\u00edfico \u2013 Vicentinho;</em></p>\r\n<p class=\" \"><em><em>Vereador Isaias Coelho -\u00a0Ao Ilustr\u00edssimo Sr. Dimetri Ivanoff Junior;</em></em></p>\r\n<p class=\" \"><em><em><em>Vereador Carlinhos -\u00a0A Ilustr\u00edssima Sra. Elaine Cristina Gon\u00e7alves Mariano;</em></em></em></p>\r\n<div><em>Vereador Cassio Krebs - <em>Ao Ilustr\u00edssimo Sr. Genivaldo Alexandre Barros</em>;</em></div>\r\n<div>\r\n<div><em><br /></em></div>\r\n<div><em>Vereador Cassio Krebs -\u00a0<em>Ao Ilustr\u00edssimo Sr. Andr\u00e9 Moraes</em>;</em></div>\r\n<div><em><br /></em></div>\r\n<em><em><em>Vereador Edmilson Cabeleireiro -\u00a0<em>Ao Ilustr\u00edssimo Sr.\u00a0Andre Ricardo de Sousa Zalma</em>;</em></em></em></div>\r\n<div><em><em><br />Vereador Edmilson Cabeleireiro -\u00a0<em>Ao Ilustr\u00edssimo Sr.\u00a0F\u00e1bio Wisnheski da Silva</em>;</em></em></div>\r\n<div><em><em><br /></em></em></div>\r\n<div><em><em><em>Vereador Jo\u00e3ozinho do Cavalo\u00a0-\u00a0Ao Ilustr\u00edssimo Sr. Benedito Aparecido de Oliveira;</em></em></em></div>\r\n<div><em><strong><em><strong><strong><br /></strong></strong></em></strong></em></div>\r\n<div><em>Vereador Jo\u00e3ozinho do Cavalo\u00a0-\u00a0Ao Ilustr\u00edssimo Sr. Carlos Alberto de Vasconcelos;</em></div>\r\n<div><em><strong><br /></strong></em></div>\r\n<p class=\" \" style=\"text-align: left; \"><strong><i>Diploma de M\u00e9rito Emancipador:</i></strong></p>\r\n<p class=\" \"><em><em>Vereador Joaquim da Aposentadoria -\u00a0Ao Ilustr\u00edssimo Sr. Nilton Hygino Martins</em>;\u00a0</em></p>\r\n<p class=\" \"><em><em>Vereador Jo\u00e3ozinho do Cavalo\u00a0-\u00a0Ao Ilustr\u00edssimo Sr. Luciano de Almeida;</em></em></p>\r\n<p class=\" \"><em><strong><br /></strong></em></p>\r\n<p class=\" \"><i>Acompanhe ao vivo pelos nossos canais oficiais\u00a0<a class=\"external-link\" href=\"https://www.facebook.com/camaradeembuguacu\" target=\"_self\" title=\"\">FACEBOOK</a>\u00a0e\u00a0<a class=\"external-link\" href=\"https://www.youtube.com/channel/UCU8ZgMZGXbSF8fRBMDwnbow\" target=\"_self\" title=\"\">YOUTUBE</a>.</i></p>\r\n<div>\r\n<pre><b>Fonte: CMEG</b></pre>\r\n</div>\r\n<div><b><br /></b></div>", "author_name": "", "version": "1.0", "author_url": "https://www.embuguacu.sp.leg.br/author/adm", "provider_name": "C\u00e2mara Municipal de Embu-Gua\u00e7u", "type": "rich"}