{"provider_url": "https://www.embuguacu.sp.leg.br", "title": "SESS\u00c3O SOLENE", "html": "<p><i>A C\u00e2mara Municipal de Embu-Gua\u00e7u, tem a satisfa\u00e7\u00e3o de convidar <i>voc\u00ea para a <strong>Sess\u00e3o Solene de entrega das honrarias</strong></i>, \u00e0 realizar-se no dia\u00a0<b>05 de agosto de 2022, sexta-feira, \u00e0s 19:00 horas</b>, na\u00a0<i><strong>C\u00e2mara Municipal de Embu-Gua\u00e7u</strong></i>.</i></p>\r\n<div><i><span>Ser\u00e3o homenageados pelos nobres Edis:</span></i></div>\r\n<div><i><span><br /></span></i></div>\r\n<p>\u00a0</p>\r\n<p class=\" \" style=\"text-align: center; \"><strong><i>T\u00edtulo de Cidad\u00e3o Embu-Gua\u00e7uense:</i></strong></p>\r\n<p class=\" \"><em><strong>Vereador Lucas da Sa\u00fade -\u00a0Ao Ilustr\u00edssimo Sr. Eduardo M\u00e1rcio Barbosa de brito;\u00a0</strong></em></p>\r\n<p class=\" \"><em><strong>Vereador Isaias Coelho - Ao Ilustr\u00edssimo Sr. Elias Jos\u00e9 de Oliveira;</strong></em></p>\r\n<p class=\" \"><em><strong>Vereador Jo\u00e3o Sen\u00e9 - \u00c0 Ilustr\u00edssima Sra. Carolina Maria de Jesus (Homenagem P\u00f3stuma);</strong></em></p>\r\n<p class=\" \"><em><strong>Vereador Edmilson Santos - Ao Ilustr\u00edssimo Sr. Edmilson Jos\u00e9 da Silva;\u00a0</strong></em></p>\r\n<p class=\" \"><em><strong>Vereador Joaquim da Aposentadoria - Ao Ilustr\u00edssimo Sr. Jo\u00e3o Batista dos Santos;\u00a0</strong></em></p>\r\n<p><em><strong>Vereador Clebinho Jogador - Ao Ilustr\u00edssimo Sr. Gledson Santos Mendes Gama;\u00a0</strong></em></p>\r\n<p><em><strong>Vereador Engenheiro Barros - Ao Ilustr\u00edssimo Sr. Fabio Ribeiro Da Silva;</strong></em></p>\r\n<p class=\" \"><em><strong>Vereador Maicon Siqueira - Ao Ilustr\u00edssimo Sr. Pastor Joel Ramos (Homenagem P\u00f3stuma);\u00a0</strong></em></p>\r\n<p class=\" \"><em><strong>Vereador Carlinhos - A<em><strong>o Ilustr\u00edssimo Sr. Ito (Homenagem P\u00f3stuma;</strong></em></strong></em></p>\r\n<p class=\" \"><em><strong><em><strong><em><strong>Vereador Jo\u00e3ozinho do Cavalo - Ao Ilustr\u00edssimo Sr. <span>\u00a0Daniel Rodrigues Louren\u00e7o</span>;\u00a0\u00a0</strong></em></strong></em></strong></em></p>\r\n<div><i><br /></i></div>\r\n<p class=\" \" style=\"text-align: center; \"><strong>Medalha de M\u00e9rito:</strong></p>\r\n<p class=\" \"><em><strong>Vereador Isaias Coelho - \u00c0 Ilustr\u00edssima Sra. Perla Paulo Pires;</strong></em></p>\r\n<p class=\" \"><em><strong>Vereador Joaquim da Aposentadoria - \u00c0 Ilustr\u00edssima Sra. Maria Helena Silv\u00e9rio;</strong></em></p>\r\n<p class=\" \"><em><strong>Vereador Joaquim da Aposentadoria - \u00c0 Ilustr\u00edssima Sra. Mary Oliveira Rodrigues;</strong></em></p>\r\n<p class=\" \"><em><strong>Vereador Joaquim da Aposentadoria - Ao Ilustr\u00edssimo Sr. Jos\u00e9 Maria Silv\u00e9rio <em><strong>(Homenagem P\u00f3stuma)</strong></em>;</strong></em></p>\r\n<p class=\" \"><em><strong>Vereador Toninho Valflor -\u00a0\u00c0 Ilustr\u00edssima Sra. Ely Santos;</strong></em></p>\r\n<p class=\" \"><em><strong><em><strong>Vereador Jo\u00e3ozinho do Cavalo -\u00a0\u00c0 Ilustr\u00edssima Sra.\u00a0</strong></em>Roseli Rodrigues Mac\u00e1rio Almeida</strong></em></p>\r\n<p class=\" \"><em><strong><em><strong>Vereador Jo\u00e3ozinho do Cavalo -\u00a0\u00c0 Ilustr\u00edssima Sra.\u00a0</strong></em>V\u00e2nia Valeria Rodrigues Dos Santos Ruiz</strong></em></p>\r\n<div><i><span><em><strong>Vereador Prof, Colle\u00a0<em><strong>-\u00a0\u00c0 Ilustr\u00edssima Sra.\u00a0</strong></em><span>Alsira Lima</span></strong></em></span></i></div>\r\n<div><i><span><br /></span></i></div>\r\n<div style=\"text-align: center; \"><i><span>Acompanhe ao vivo pelos nossos canais oficiais\u00a0</span><a class=\"external-link\" href=\"https://www.facebook.com/camaradeembuguacu\" target=\"_self\" title=\"\">FACEBOOK</a><span>\u00a0e\u00a0</span><a class=\"external-link\" href=\"https://www.youtube.com/channel/UCU8ZgMZGXbSF8fRBMDwnbow\" target=\"_self\" title=\"\">YOUTUBE</a><span>.</span></i></div>\r\n<div>\r\n<p class=\" \"><span>\u00a0</span></p>\r\n<pre><b>Fonte: CMEG</b></pre>\r\n<div><b><br /></b></div>\r\n</div>", "author_name": "", "version": "1.0", "author_url": "https://www.embuguacu.sp.leg.br/author/adm", "provider_name": "C\u00e2mara Municipal de Embu-Gua\u00e7u", "type": "rich"}