{"provider_url": "https://www.embuguacu.sp.leg.br", "title": "RODA DE CONVERSA OUTUBRO ROSA", "html": "<p style=\"text-align: justify; \">A C\u00e2mara Municipal de Embu-Gua\u00e7u realizar\u00e1, no pr\u00f3ximo dia 25 de outubro (s\u00e1bado), \u00e0s 10 horas, uma <strong>roda de conversa especial em apoio \u00e0 campanha Outubro Rosa</strong>, movimento mundial de conscientiza\u00e7\u00e3o sobre a preven\u00e7\u00e3o e o diagn\u00f3stico precoce do c\u00e2ncer de mama.</p>\r\n<p style=\"text-align: justify; \">O encontro acontecer\u00e1 no Plen\u00e1rio da C\u00e2mara Municipal e ser\u00e1 <strong>aberto a todas as mulheres do munic\u00edpio</strong>. A proposta \u00e9 proporcionar um espa\u00e7o de di\u00e1logo, troca de experi\u00eancias e reflex\u00f5es sobre a import\u00e2ncia do autocuidado, da preven\u00e7\u00e3o e da aten\u00e7\u00e3o \u00e0 sa\u00fade da mulher.</p>\r\n<p style=\"text-align: justify; \">Mais do que um momento informativo, a atividade busca fortalecer os v\u00ednculos de apoio, incentivo e conscientiza\u00e7\u00e3o, valorizando a escuta e a participa\u00e7\u00e3o das mulheres de nossa cidade.</p>\r\n<p style=\"text-align: justify; \">Essa iniciativa est\u00e1 sendo realizada em atendimento \u00e0 <strong><em><a class=\"external-link\" href=\"https://sapl.embuguacu.sp.leg.br/media/sapl/public/normajuridica/2025/1815/resol_0022025.pdf\" target=\"_self\" title=\"\">Resolu\u00e7\u00e3o 02/2025 \u2013 Programa \"C\u00e2mara Aberta ao Saber\"</a></em></strong>, que tem como objetivo ampliar o acesso da popula\u00e7\u00e3o a atividades educativas, culturais e de forma\u00e7\u00e3o cidad\u00e3.</p>\r\n<p style=\"text-align: center; \"><strong>\ud83d\udccd Local: Plen\u00e1rio da C\u00e2mara Municipal de Embu-Gua\u00e7u</strong><br /><strong>\u23f0 Data e hor\u00e1rio: 25 de outubro (s\u00e1bado), \u00e0s 10h</strong></p>\r\n<p style=\"text-align: justify; \"><em>A C\u00e2mara Municipal convida todas as mulheres a participarem deste momento especial e refor\u00e7a o compromisso com a\u00e7\u00f5es que promovam a conscientiza\u00e7\u00e3o e o cuidado com a sa\u00fade da popula\u00e7\u00e3o.</em></p>\r\n<p style=\"text-align: justify; \">\u00a0</p>\r\n<pre>Fonte: C\u00c2MARA MUNICIPAL DE EMBU-GUA\u00c7U</pre>\r\n<p style=\"text-align: justify; \"><em><br /></em></p>", "author_name": "", "version": "1.0", "author_url": "https://www.embuguacu.sp.leg.br/author/admin", "provider_name": "C\u00e2mara Municipal de Embu-Gua\u00e7u", "type": "rich"}