{"provider_url": "https://www.embuguacu.sp.leg.br", "title": "RETORNO LEGISLATIVO", "html": "<p style=\"text-align: center; \"><strong>Comunicado referente ao retorno das Sess\u00f5es Plen\u00e1rias.</strong></p>\r\n<p style=\"text-align: justify; \">Em 01\u00ba de fevereiro de 2022 ter\u00e3o retorno, no Plen\u00e1rio da C\u00e2mara Municipal de Embu-Gua\u00e7u, as atividades legislativas com a realiza\u00e7\u00e3o da 1\u00aa Sess\u00e3o Ordin\u00e1ria de 2022.</p>\r\n<p style=\"text-align: justify; \">Os vereadores da C\u00e2mara Municipal de Embu-Gua\u00e7u retomam as atividades legislativas. Como previsto no Regimento Interno, o corpo legislativo desta casa de leis esteve em recesso desde 16 de dezembro de 2021. <em>Durante o recesso n\u00e3o ocorrem sess\u00f5es ordin\u00e1rias, por\u00e9m os vereadores poderiam retornar ao trabalho a qualquer momento, por meio de uma convoca\u00e7\u00e3o extraordin\u00e1ria, em casos de urg\u00eancia ou interesse p\u00fablico relevante.</em></p>\r\n<p style=\"text-align: justify; \">Durante o recesso as atividades administrativas n\u00e3o foram suspensas. A C\u00e2mara continuou aberta com seus servi\u00e7os internos, vereadores continuaram \u00e0 disposi\u00e7\u00e3o.</p>\r\n<p style=\"text-align: justify; \"><span>Em fun\u00e7\u00e3o dos trabalhos ocorrerem ainda em um contexto de pandemia, continuam mantidas as medidas de preven\u00e7\u00e3o ao coronav\u00edrus no poder legislativo, <strong>uso obrigat\u00f3rio de m\u00e1scaras e \u00e1lcool em gel</strong>.</span></p>\r\n<p style=\"text-align: justify; \"><span><br /></span></p>\r\n<pre>Fonte:CMEG</pre>\r\n<p style=\"text-align: justify; \"><span><br /></span></p>", "author_name": "", "version": "1.0", "author_url": "https://www.embuguacu.sp.leg.br/author/adm", "provider_name": "C\u00e2mara Municipal de Embu-Gua\u00e7u", "type": "rich"}