{"provider_url": "https://www.embuguacu.sp.leg.br", "title": "RETIFICA\u00c7\u00c3O I EDITAL DE CONCURSO P\u00daBLICO", "html": "<p style=\"text-align: justify; \">O Presidente da C\u00e2mara do Munic\u00edpio de Embu-Gua\u00e7u, Estado de S\u00e3o Paulo, no uso das atribui\u00e7\u00f5es que lhe s\u00e3o conferidas pela legisla\u00e7\u00e3o em vigor, torna p\u00fablico a retifica\u00e7\u00e3o do Edital de Abertura de Inscri\u00e7\u00f5es para Concurso P\u00fablico 01/2022, conforme segue.</p>\r\n<p style=\"text-align: center; \">\u00a0<a title=\"\" href=\"https://www.embuguacu.sp.leg.br/institucional/noticias/RETIFICAOIEDITALCONCURSO.pdf\" class=\"internal-link\" target=\"_blank\"><img alt=\"\" class=\"image-inline\" src=\"../../imagens/iconepdf.jpg/@@images/a4d976db-5803-47f0-b0c9-9de331e3cbe2.jpeg\" title=\"\" /></a><span style=\"text-align: center; \"><a title=\"\" href=\"https://www.embuguacu.sp.leg.br/institucional/noticias/RETIFICAOIEDITALCONCURSO.pdf\" class=\"internal-link\" target=\"_blank\">RETIFICA\u00c7\u00c3O I - EDITAL DE CONCURSO P\u00daBLICO</a></span></p>\r\n<p style=\"text-align: justify; \"><span>Maiores informa\u00e7\u00f5es acesse:\u00a0<a class=\"external-link\" href=\"https://www.avancasp.org.br/informacoes/42/\" target=\"_self\" title=\"\">https://www.avancasp.org.br/informacoes/42/</a></span></p>\r\n<p style=\"text-align: center; \">\u00a0</p>\r\n<pre>Fonte: CMEG</pre>\r\n<p style=\"text-align: center; \"><span><br /></span></p>", "author_name": "", "version": "1.0", "author_url": "https://www.embuguacu.sp.leg.br/author/adm", "provider_name": "C\u00e2mara Municipal de Embu-Gua\u00e7u", "type": "rich"}