{"provider_url": "https://www.embuguacu.sp.leg.br", "title": "RETIFICA\u00c7\u00c3O DO EDITAL DEVIDO A IMPUGNA\u00c7\u00c3O", "html": "<p style=\"text-align: justify; \">Comunica-se aos interessados a RETIFICA\u00c7\u00c3O do Edital do Preg\u00e3o Presencial N\u00ba 07/2023, cujo objeto \u00e9 a escolha da proposta mais vantajosa para Contrata\u00e7\u00e3o de empresa para a presta\u00e7\u00e3o de servi\u00e7os terceirizados de limpeza, asseio e conserva\u00e7\u00e3o, de controle e fiscaliza\u00e7\u00e3o de portaria, de servi\u00e7os de copa e de recep\u00e7\u00e3o, servi\u00e7o de vigil\u00e2ncia patrimonial desarmada e oficial de manuten\u00e7\u00e3o, conforme especifica\u00e7\u00f5es e quantidade descritas no termo de refer\u00eancia.</p>\r\n<p style=\"text-align: justify; \">Ap\u00f3s pedidos de impugna\u00e7\u00e3o e an\u00e1lise criteriosa ao Edital, vem por meio deste, RETIFICAR o edital em ep\u00edgrafe.</p>\r\n<p><strong><a title=\"\" href=\"https://www.embuguacu.sp.leg.br/institucional/noticias/1.ImpugnaoAGIL.pdf\" class=\"internal-link\" target=\"_blank\"><img alt=\"\" class=\"image-inline\" src=\"../../imagens/iconepdf.jpg/@@images/a4d976db-5803-47f0-b0c9-9de331e3cbe2.jpeg\" title=\"\" />\u00a01. Impugna\u00e7\u00e3o AGIL</a></strong></p>\r\n<p><strong><a title=\"\" href=\"https://www.embuguacu.sp.leg.br/institucional/noticias/1.1RESPOSTAAPEDIDODEIMPUGNAOAGIL.pdf\" class=\"internal-link\" target=\"_blank\"><img alt=\"\" class=\"image-inline\" src=\"../../imagens/iconepdf.jpg/@@images/a4d976db-5803-47f0-b0c9-9de331e3cbe2.jpeg\" title=\"\" />\u00a01.1 RESPOSTA A PEDIDO DE IMPUGNA\u00c7\u00c3O AGIL</a></strong></p>\r\n<p><strong><a title=\"\" href=\"https://www.embuguacu.sp.leg.br/institucional/noticias/2.Impugnaes007_2023.pdf\" class=\"internal-link\" target=\"_blank\"><img alt=\"\" class=\"image-inline\" src=\"../../imagens/iconepdf.jpg/@@images/a4d976db-5803-47f0-b0c9-9de331e3cbe2.jpeg\" title=\"\" />\u00a02. Impugna\u00e7\u00f5es 007_2023</a></strong></p>\r\n<p><strong><a title=\"\" href=\"https://www.embuguacu.sp.leg.br/institucional/noticias/2.1RESPOSTAAPEDIDODEIMPUGNAOPREGO0072023007_2023.pdf\" class=\"internal-link\" target=\"_blank\"><img alt=\"\" class=\"image-inline\" src=\"../../imagens/iconepdf.jpg/@@images/a4d976db-5803-47f0-b0c9-9de331e3cbe2.jpeg\" title=\"\" />\u00a02.1 RESPOSTA A PEDIDO DE IMPUGNA\u00c7\u00c3O PREG\u00c3O 007-2023</a></strong></p>\r\n<p><strong><a title=\"\" href=\"https://www.embuguacu.sp.leg.br/institucional/noticias/editalRETIFICADOII.pdf\" class=\"internal-link\" target=\"_blank\"><img alt=\"\" class=\"image-inline\" src=\"../../imagens/iconepdf.jpg/@@images/a4d976db-5803-47f0-b0c9-9de331e3cbe2.jpeg\" title=\"\" />\u00a03. Edital RETIFICADO II</a></strong></p>\r\n<p><strong><a title=\"\" href=\"https://www.embuguacu.sp.leg.br/institucional/noticias/3.1termoderetificaoII.pdf\" class=\"internal-link\" target=\"_blank\"><img alt=\"\" class=\"image-inline\" src=\"../../imagens/iconepdf.jpg/@@images/a4d976db-5803-47f0-b0c9-9de331e3cbe2.jpeg\" title=\"\" />\u00a03.1 Termo de Retifica\u00e7\u00e3o II</a></strong></p>", "author_name": "", "version": "1.0", "author_url": "https://www.embuguacu.sp.leg.br/author/camila", "provider_name": "C\u00e2mara Municipal de Embu-Gua\u00e7u", "type": "rich"}