{"provider_url": "https://www.embuguacu.sp.leg.br", "title": "RECESSO PARLAMENTAR ", "html": "<p style=\"text-align: justify; \">Em atendimento ao Par\u00e1grafo 5\u00ba do Art. 34 da Lei Org\u00e2nica Munic\u00edpio de Embu-Gua\u00e7u.</p>\r\n<p style=\"text-align: justify; \"><b>Art. 34</b>\u00a0<strong><em>A C\u00e2mara Municipal reunir-se-\u00e1, anualmente de 1\u00ba de fevereiro a 15 de dezembro. (Reda\u00e7\u00e3o dada pela Emenda \u00e0 Lei Org\u00e2nica n\u00ba\u00a0<a href=\"https://leismunicipais.com.br/a/sp/e/embu-guacu/emenda-a-lei-organica/2019/0/3/emenda-a-lei-organica-n-3-2019-da-nova-redacao-ao-caput-do-art-34-da-lei-org-nica-do-municipio\" data-id=\"4908743\" data-toggle=\"tooltip\" data-original-title=\" Data da Norma: 02.05.2019 - D\u00e1 nova reda\u00e7\u00e3o ao caput do art. 34 da Lei Org'nica do Munic\u00edpio.\">3</a>/2019)</em></strong></p>\r\n<p style=\"text-align: justify; \"><em>\u00a7 1\u00ba (...)</em><br /><em> \u00a7 2\u00ba (...)</em><br /><em> \u00a7 3\u00ba (...)</em><br /><em> \u00a7 4\u00ba (...)</em><br /> <strong>\u00a7 5\u00ba</strong> <em><strong>No primeiro ano da legislatura a C\u00e2mara Municipal se reunir\u00e1 de 05 de janeiro a 30 de junho e, de 1\u00ba de agosto a 15 de dezembro. (Reda\u00e7\u00e3o acrescida pela Emenda \u00e0 Lei Org\u00e2nica n\u00ba\u00a0<a href=\"https://leismunicipais.com.br/a/sp/e/embu-guacu/emenda-a-lei-organica/2020/0/1/emenda-a-lei-organica-n-1-2020-da-nova-redacao-ao-caput-do-art-37-da-lei-org-nica-do-municipio\" data-id=\"5633735\" data-toggle=\"tooltip\" data-original-title=\" Data da Norma: 13.02.2020 - D\u00e1 nova reda\u00e7\u00e3o ao caput do Art. 37 da Lei Org'nica do Munic\u00edpio.\">1</a>/2017)</strong></em></p>\r\n<p style=\"text-align: justify; \">\u00a0<span>Portanto, durante 1\u00ba de julho a 31 de julho, o Legislativo em Embu-Gua\u00e7u estar\u00e1 em recesso parlamentar.</span></p>\r\n<p style=\"text-align: justify; \"><span>O recesso caracteriza-se pela suspens\u00e3o dos trabalhos no Plen\u00e1rio, e durante esse per\u00edodo n\u00e3o h\u00e1 delibera\u00e7\u00f5es em colegiado, assim como n\u00e3o ocorrem tamb\u00e9m as reuni\u00f5es das comiss\u00f5es e audi\u00eancias p\u00fablicas.</span></p>\r\n<p style=\"text-align: justify; \"><span></span><span>Entretanto, todos os servi\u00e7os administrativos e departamentos da C\u00e2mara Municipal de Embu-Gua\u00e7u estar\u00e3o funcionando normalmente, inclusive para recebimento de proposi\u00e7\u00f5es dos vereadores (projetos de lei, requerimentos, projetos de resolu\u00e7\u00e3o, entre outros).</span></p>\r\n<p style=\"text-align: center; \"><span>Todas as demais atividades dos vereadores seguem normalmente!</span></p>\r\n<pre>Fonte:CMEG</pre>\r\n<p style=\"text-align: center; \"><span><br /></span></p>", "author_name": "", "version": "1.0", "author_url": "https://www.embuguacu.sp.leg.br/author/adm", "provider_name": "C\u00e2mara Municipal de Embu-Gua\u00e7u", "type": "rich"}