{"provider_url": "https://www.embuguacu.sp.leg.br", "title": "PORTARIAS 26 e 27-2021", "html": "<h2 class=\"tm6\"><span class=\"tm6\">Portaria 026-2021</span></h2>\r\n<p class=\"Normal tm5\" style=\"text-align: justify; \"><span class=\"tm6\">O </span><span class=\"tm7\">Presidente da C\u00e2mara Municipal de Embu-Gua\u00e7u, Ant\u00f4nio Filho Botelho, no </span><span class=\"tm7\">use das atribui\u00e7\u00f5es legais, RESOLVE:</span></p>\r\n<p class=\"Normal PageBreak tm9\" style=\"text-align: justify; \"><strong><span class=\"tm10\">Art. 1</span><sup><span class=\"tm10\">0</span></sup></strong><span class=\"tm7\"> Prorroga-se a suspens\u00e3o do atendimento presencial ao P\u00fablico no Pr\u00e9dio </span><span class=\"tm7\">Principal da C\u00e2mara - Rua Em\u00edlia Pires, 135, no </span><span class=\"tm11\">Pr\u00e9dio dos Gabinetes dos </span><span class=\"tm11\">Vereadores e Administra\u00e7\u00e3o - Rua Coronel' Luiz Ten\u00f3rio de Brito, 752 \u2014 2\u00b0 andar, conforme o Decreto Municipal no 3.133/2021.</span></p>\r\n<p class=\"Normal tm12\" style=\"text-align: justify; \"><strong><span class=\"tm10\">Art. 2\u00b0 </span><span class=\"tm23\">Fica proibido qualquer tipo de reuni\u00e3o e eventos ap\u00f3s as 20h00, </span><span class=\"tm23\">conforme o art. 6\u00b0 do Decreto Municipal n\u00b0 3.133/2021.</span></strong></p>\r\n<p class=\"Normal tm24\" style=\"text-align: justify; \"><strong><span class=\"tm10\">Art. 3\u00b0 </span></strong><span class=\"tm7\">Seguindo o art. 7\u00b0 do Decreto Municipal n\u00b0 3.133/2021, fica proibido a </span><span class=\"tm25\">abertura do Plen\u00e1rio ao P\u00fablico.</span></p>\r\n<p class=\"Normal tm26\" style=\"text-align: justify; \"><strong><span class=\"tm10\">Art. 4\u00b0 </span></strong><span class=\"tm7\">Conforme paragrafo 1\u00b0, do art. 10, do Decreto Municipal n\u00b0 3.133/2021, ficam os servidores dos servi\u00e7os n\u00e3o essenciais dispensados das suas atividades </span><span class=\"tm7\">presenciais com intuito de que permane\u00e7am em isolamento em suas resid\u00eancias, </span><span class=\"tm7\">sem preju\u00edzo de seus vencimentos e benef\u00edcios, ficando a disposi\u00e7\u00e3o da C\u00e2mara </span><span class=\"tm25\">em regime de home office (trabalho remoto).</span></p>\r\n<p class=\"Normal tm27\" style=\"text-align: justify; padding-left: 30px; \"><strong><span class=\"tm10\">Paragrafo 1\u00b0. </span></strong><span class=\"tm7\">Os servidores dispensados de suas atividades presenciais, ficam </span><span class=\"tm7\">cientes que dever\u00e3o se manter em isolamento social durante o per\u00edodo de </span><span class=\"tm7\">afastamento, podendo incorrer em penalidades e san\u00e7\u00f5es cab\u00edveis em caso de </span><span class=\"tm25\">descumprimento.</span></p>\r\n<p class=\"Normal tm28\" style=\"text-align: justify; padding-left: 30px; \"><strong><span class=\"tm10\">Paragrafo 2\u00b0. </span></strong><span class=\"tm7\">A fim de evitar a descontinuidade dos servi\u00e7os essenciais, os </span><span class=\"tm7\">servidores da Divis\u00e3o de Contabilidade, Finan\u00e7as e Or\u00e7amento, A chefia da </span><span class=\"tm25\">Divis\u00e3o de Servi\u00e7os T\u00e9cnicos Legislativos, Divis\u00e3o de Servi\u00e7os T\u00e9cnicos </span><span class=\"tm7\">Administrativos, Secretaria Administrativa, Gabinete da Presid\u00eancia, </span><span class=\"tm7\">Procuradoria Jur\u00eddica, Controle Interno e os servidores membros de Comiss\u00f5es dever\u00e3o realizar jornada presencial reduzida com a carga horaria semanal de 12 </span><span class=\"tm7\">(doze) horas, devendo cumpri-las em escala de revezamento das 9:00hs as </span><span class=\"tm25\">15:00hs.</span></p>\r\n<p class=\"Normal PageBreak tm29\" style=\"text-align: justify; padding-left: 30px; \"><strong><span class=\"tm10\">Paragrafo 3\u00b0. </span></strong><span class=\"tm7\">Seguindo o paragrafo 5\u00b0, artigo 10\u00b0, do Decreto Municipal n\u00b0</span><span class=\"tm7\">3.133/2021, ficam os funcion\u00e1rios integrantes do grupo de risco, mediante\u00a0</span><span class=\"tm7\">requerimento a Secretaria Administrativa e ap\u00f3s devida autoriza\u00e7\u00e3o,\u00a0</span><span class=\"tm6\">dispensados das suas atividades presenciais com intuito de que permane\u00e7am em </span><span class=\"tm6\">isolamento em suas resid\u00eancias, ficando a disposi\u00e7\u00e3o da C\u00e2mara </span><span class=\"tm6\">exclusivamente em regime de home office (trabalho remoto).</span></p>\r\n<p class=\"Normal tm38\" style=\"text-align: justify; padding-left: 30px; \"><strong><span class=\"tm39\">Paragrafo 4\u00b0. </span></strong><span class=\"tm6\">Para os efeitos do paragrafo anterior, conforme a classifica\u00e7\u00e3o </span><span class=\"tm6\">da Organiza\u00e7\u00e3o Pan-Americana da Sa\u00fade (OPAS), considera-se grupo de risco os seguintes servidores:</span></p>\r\n<p class=\"Normal tm40\" style=\"text-align: justify; padding-left: 60px; \"><span class=\"tm6\">I. Gestantes e lactantes;</span></p>\r\n<p class=\"Normal tm41\" style=\"text-align: justify; padding-left: 60px; \"><span class=\"tm6\"></span><span class=\"tm6\">II. </span><span class=\"tm6\">Maiores de 60 (sessenta) anos que n\u00e3o foram imunizados;</span></p>\r\n<p class=\"Normal tm42\" style=\"text-align: justify; padding-left: 60px; \"><span class=\"tm6\"></span><span class=\"tm6\">III. </span><span class=\"tm6\">Que possuem doen\u00e7as que podem contribuir para o desenvolvimento de sintomas graves do Covid-19, desde que devidamente comprovado por laudo </span><span class=\"tm43\">medico.</span></p>\r\n<p class=\"Normal tm44\" style=\"text-align: justify; \"><strong><span class=\"tm31\">Art 5\u00b0. </span></strong><span class=\"tm43\">A dispensa que trata o caput do artigo 4\u00b0 sera ate o dia 11 de abril de </span><span class=\"tm6\">2021, conforme o Decreto Estadual n\u00b0 65.596, de 26 de marco de 2021 que </span><span class=\"tm6\">institui medidas emergenciais, de car\u00e1ter tempor\u00e1rio e excepcional, destinadas </span><span class=\"tm6\">ao enfrentamento da pandemia de COVID-19.</span></p>\r\n<p class=\"Normal tm45\" style=\"text-align: justify; \"><strong><span class=\"tm39\">Art. 6\u00b0 </span></strong><span class=\"tm6\">Os prestadores de servi\u00e7os, quando poss\u00edvel, ficar\u00e3o em regime de home </span><span class=\"tm6\">office (trabalho remoto), ficando a disposi\u00e7\u00e3o da C\u00e2mara para eventuais </span><span class=\"tm6\">trabalhos presenciais se necess\u00e1rio.</span></p>\r\n<p class=\"Normal tm5\"><strong><span class=\"tm6\">Art. 7</span><sup><span class=\"tm7\">0</span></sup></strong><span class=\"tm8\"> Esta Portaria entrar\u00e1 em vigor dia 05 de abril de 2021, revogando as </span><span class=\"tm9\">disposi\u00e7\u00f5es em contrario.</span></p>\r\n<p class=\"Normal tm5\"><span class=\"tm9\"><br /></span></p>\r\n<h2><span class=\"tm6\"><strong>Portaria 027-2021\u00a0</strong></span></h2>\r\n<p style=\"padding-left: 30px; \">I. O Presidente da C\u00e2mara Municipal de Embu-Gua\u00e7u faz saber que, nos termos do inciso I do Art. 29 da Lei Org\u00e2nica Municipal combinado com o disposto na al\u00ednea C do inciso II do art. 13 do Regimento Interno, a Resolu\u00e7\u00e3o n\u00ba 001, de 18 de mar\u00e7o de 2021 tem sua vig\u00eancia prorrogada pelo per\u00edodo em que perdurar a fase emergencial do plano S\u00e3o Paulo</p>\r\n<p style=\"padding-left: 30px; \">II. Esta Portaria entra em vigor na data de sua publica\u00e7\u00e3o.<br /> <br /> Embu-Gua\u00e7u, aos 26 (vinte e seis) dias do m\u00eas de fevereiro de 2021.</p>\r\n<p class=\" \"><span class=\"tm6\"><strong><br /></strong></span></p>\r\n<p class=\"Normal tm5\"><a title=\"\" href=\"https://www.embuguacu.sp.leg.br/institucional/noticias/portaria26.pdf\" class=\"internal-link\" target=\"_blank\"><img src=\"https://www.embuguacu.sp.leg.br/imagens/iconepdf.jpg/@@images/a4d976db-5803-47f0-b0c9-9de331e3cbe2.jpeg\" alt=\"\" class=\"image-inline\" title=\"\" />PORTARIA 026-2021</a></p>\r\n<p class=\"Normal tm5\"><a title=\"\" href=\"https://www.embuguacu.sp.leg.br/institucional/noticias/portaria_0272021.pdf\" class=\"internal-link\" target=\"_self\"><img src=\"https://www.embuguacu.sp.leg.br/imagens/iconepdf.jpg/@@images/a4d976db-5803-47f0-b0c9-9de331e3cbe2.jpeg\" alt=\"\" class=\"image-inline\" title=\"\" />PORTARIA 027-2021</a></p>\r\n<p class=\"Normal tm5\"><a title=\"\" href=\"https://www.embuguacu.sp.leg.br/institucional/noticias/res.0012021.pdf\" class=\"internal-link\" target=\"_blank\"><img src=\"https://www.embuguacu.sp.leg.br/imagens/iconepdf.jpg/@@images/a4d976db-5803-47f0-b0c9-9de331e3cbe2.jpeg\" alt=\"\" class=\"image-inline\" title=\"\" />RESOLU\u00c7\u00c3O 01-2021</a></p>\r\n<p class=\"Normal tm45\" style=\"text-align: justify; \"><span class=\"tm6\"><br /></span></p>\r\n<pre class=\"tm6\"><span class=\"tm6\">Fonte: CMEG</span></pre>\r\n<p class=\"Normal tm45\" style=\"text-align: justify; \"><span class=\"tm6\"><br /></span></p>", "author_name": "vania", "version": "1.0", "author_url": "https://www.embuguacu.sp.leg.br/author/vania", "provider_name": "C\u00e2mara Municipal de Embu-Gua\u00e7u", "type": "rich"}