{"provider_url": "https://www.embuguacu.sp.leg.br", "title": "PORTARIAS 03 E 04-2021", "html": "<p><a title=\"\" href=\"https://www.embuguacu.sp.leg.br/institucional/noticias/Portaria0032021.pdf\" class=\"internal-link\" target=\"_blank\"><img src=\"https://www.embuguacu.sp.leg.br/imagens/iconepdf.jpg/@@images/a4d976db-5803-47f0-b0c9-9de331e3cbe2.jpeg\" alt=\"\" class=\"image-inline\" title=\"\" />Portaria 03-2021 </a>- Devido ao Ponto Facultativo de Carnaval. A pr\u00f3xima sess\u00e3o ordin\u00e1ria, acontecer\u00e1 dia 17 de fevereiro (quarta-feira) \u00e0s 19:30h.</p>\r\n<p><a title=\"\" href=\"https://www.embuguacu.sp.leg.br/institucional/noticias/Portaria0042021LegislativoCovid.pdf\" class=\"internal-link\" target=\"_blank\"><img src=\"https://www.embuguacu.sp.leg.br/imagens/iconepdf.jpg/@@images/a4d976db-5803-47f0-b0c9-9de331e3cbe2.jpeg\" alt=\"\" class=\"image-inline\" title=\"\" />Portaria 04-2021</a> - Autorizada a abertura do Plen\u00e1rio ao p\u00fablico durante as pr\u00f3ximas Sess\u00f5es Ordin\u00e1rias, Extraordin\u00e1rias e Solenes, at\u00e9 21 (vinte e uma) pessoas.</p>", "author_name": "vania", "version": "1.0", "author_url": "https://www.embuguacu.sp.leg.br/author/vania", "provider_name": "C\u00e2mara Municipal de Embu-Gua\u00e7u", "type": "rich"}