{"provider_url": "https://www.embuguacu.sp.leg.br", "title": "PORTARIA 33 de 2021", "html": "<p style=\"text-align: justify; \">Com o avan\u00e7o da vacina\u00e7\u00e3o contra a Covid-19 no munic\u00edpio e a queda significativa de casos da doen\u00e7a, bem como dos \u00edndices de interna\u00e7\u00e3o e \u00f3bitos no estado de S\u00e3o Paulo, a C\u00e2mara Municipal de Embu-Gua\u00e7u vem gradativamente suavizando as medidas restritivas de preven\u00e7\u00e3o.</p>\r\n<p style=\"text-align: justify; \">O acompanhamento das Sess\u00f5es e Audi\u00eancias no Plen\u00e1rio est\u00e1\u00a0autorizado de acordo com as disposi\u00e7\u00f5es do Plano S\u00e3o Paulo, seguindo os protocolos de seguran\u00e7a: respeitando o distanciamento social e o uso de m\u00e1scara (Limite de 35 pessoas).</p>\r\n<p>Importante destacar que os protocolos s\u00e3o reavaliados periodicamente com base nas determina\u00e7\u00f5es dos \u00f3rg\u00e3os de sa\u00fade, visando \u00e0 seguran\u00e7a e a sa\u00fade dos vereadores, servidores e da popula\u00e7\u00e3o.</p>\r\n<p><a title=\"\" href=\"https://www.embuguacu.sp.leg.br/institucional/noticias/portaria_n_332021.pdf\" class=\"internal-link\" target=\"_blank\"><img alt=\"\" class=\"image-inline\" src=\"../../imagens/iconepdf.jpg/@@images/a4d976db-5803-47f0-b0c9-9de331e3cbe2.jpeg\" title=\"\" />PORTARIA 033-2021</a></p>\r\n<p>\u00a0</p>\r\n<pre class=\"tm6\"><span class=\"tm6\">Fonte: CMEG</span></pre>\r\n<div><span class=\"tm6\"><br /></span></div>\r\n<p style=\"text-align: justify; \">\u00a0</p>", "author_name": "", "version": "1.0", "author_url": "https://www.embuguacu.sp.leg.br/author/adm", "provider_name": "C\u00e2mara Municipal de Embu-Gua\u00e7u", "type": "rich"}