{"provider_url": "https://www.embuguacu.sp.leg.br", "title": "PORTARIA 25-2021", "html": "<p class=\"Normal tm5\" style=\"text-align: justify; \"><span class=\"tm6\">O Presidente da C\u00e2mara Municipal de Embu-Gua\u00e7u, Antonio Filho Botelho, no </span><span class=\"tm6\">uso das atribui\u00e7\u00f5es legais, RESOLVE:</span></p>\r\n<p class=\"Normal PageBreak tm8\" style=\"text-align: justify; \"><strong><span class=\"tm9\">Art. 1\u00b0 </span></strong><span class=\"tm10\">Prorroga-se a suspens\u00e3o do atendimento presencial ao P\u00fablico no Pr\u00e9dio </span><span class=\"tm6\">Principal da C\u00e2mara - Rua Em\u00edlia Pires, 135, no Pr\u00e9dio dos Gabinetes dos </span><span class=\"tm6\">Vereadores e Administra\u00e7\u00e3o - Rua Coronel Luiz Ten\u00f3rio de Brito, 752</span><span class=\"tm11\"> \u2014</span><span class=\"tm6\"> 2\u00b0 </span><span class=\"tm6\">andar, conforme o Decreto Municipal n\u00b0 3.136/2021.</span></p>\r\n<p class=\"Normal tm12\" style=\"text-align: justify; \"><strong><span class=\"tm22\">Art. 2\u00b0 </span></strong><span class=\"tm23\">Conforme Ato da Mesa n\u00b0 028/2021, est\u00e1 suspensa a 11\u00b0 Sess\u00e3o </span><span class=\"tm23\">Ordin\u00e1ria do dia 30 de mar\u00e7o de 2021, para atendimento ao art. 2\u00b0 do Decreto Municipal n\u00b0 3.136/2021.</span></p>\r\n<p class=\"Normal tm24\" style=\"text-align: justify; \"><strong><span class=\"tm22\">Art. 3\u00b0 </span></strong><span class=\"tm23\">Conforme Ato da Mesa n\u00b0 028/2021, est\u00e3o suspensos os prazos dos </span><span class=\"tm23\">Processos Legislativos at\u00e9 o dia 04 de abril de 2021.</span></p>\r\n<p class=\"Normal tm25\" style=\"text-align: justify; \"><strong><span class=\"tm22\">Art. 4\u00b0 </span></strong><span class=\"tm23\">Fica proibido qualquer tipo de reuni\u00e3o e evento nas depend\u00eancias da </span><span class=\"tm23\">C\u00e2mara, conforme os art. 2\u00b0, 6\u00b0 e 7\u00b0 do Decreto Municipal n\u00b0 3.136/2021.</span></p>\r\n<p class=\"Normal tm8\" style=\"text-align: justify; \"><strong><span class=\"tm26\">Art. 5\u00b0 </span></strong><span class=\"tm27\">Conforme par\u00e1grafo 1\u00b0, do art. 9\u00b0, do Decreto Municipal n\u00b0 3.136/2021, </span><span class=\"tm23\">ficam os servidores dispensados das suas atividades presenciais com intuito de </span><span class=\"tm23\">que permane\u00e7am em isolamento em suas resid\u00eancias, sem preju\u00edzo de seus </span><span class=\"tm23\">vencimentos e benef\u00edcios, ficando \u00e0 disposi\u00e7\u00e3o da C\u00e2mara em regime de home </span><span class=\"tm23\">office (trabalho remoto).</span></p>\r\n<p class=\"Normal tm25\" style=\"padding-left: 30px; text-align: justify; \"><strong><span class=\"tm22\">Par\u00e1grafo </span><span class=\"tm13\">1\u00b0. </span></strong><span class=\"tm23\">Os servidores dispensados de suas atividades presenciais, ficam </span><span class=\"tm23\">cientes que dever\u00e3o se manter em isolamento social durante o per\u00edodo de </span><span class=\"tm23\">afastamento, podendo incorrer em penalidades e san\u00e7\u00f5es cab\u00edveis em caso de </span><span class=\"tm27\">descumprimento.</span></p>\r\n<p class=\"Normal PageBreak tm28\" style=\"padding-left: 30px; text-align: justify; \"><strong><span class=\"tm22\">Par\u00e1grafo 2\". </span></strong><span class=\"tm23\">A fim de evitar a descontinuidade dos servi\u00e7os essenciais, os </span><span class=\"tm23\">servidores da Divis\u00e3o de Contabilidade, Finan\u00e7as e Or\u00e7amento, Secretaria </span><span class=\"tm23\">Administrativa, Gabinete da Presid\u00eancia, Procuradoria Geral, Chefe da Divis\u00e3o </span><span class=\"tm23\">dos Servi\u00e7os T\u00e9cnicos Legislativos e Comiss\u00f5es poder\u00e3o realizar jornada presencial, t\u00e3o somente para realiza\u00e7\u00e3o de trabalhos essenciais de car\u00e1ter </span><span class=\"tm23\">urgente e irremedi\u00e1vel.</span></p>\r\n<p class=\"Normal tm12\" style=\"text-align: justify; \"><strong><span class=\"tm35\">Par\u00e1grafo 3\u00b0. </span></strong><span class=\"tm36\">Seguindo o par\u00e1grafo 5\u00b0, artigo 9\u00b0, do Decreto Municipal n\u00b0 </span><span class=\"tm36\">3.136/2021, ficam os funcion\u00e1rios integrantes do grupo de risco, mediante </span><span class=\"tm36\">requerimento \u00e0 Secretaria Administrativa e ap\u00f3s devida autoriza\u00e7\u00e3o, </span><span class=\"tm36\">dispensados das suas atividades presenciais com intuito de que permane\u00e7am em </span><span class=\"tm36\">isolamento em suas resid\u00eancias, ficando \u00e0 disposi\u00e7\u00e3o da C\u00e2mara </span><span class=\"tm36\">exclusivamente em regime de home office (trabalho remoto).</span></p>\r\n<p class=\"Normal tm37\" style=\"text-align: justify; \"><strong><span class=\"tm35\">Par\u00e1grafo 4\u00b0. </span></strong><span class=\"tm36\">Para os efeitos do par\u00e1grafo anterior, conforme a classifica\u00e7\u00e3o </span><span class=\"tm36\">da Organiza\u00e7\u00e3o Pan-Americana da Sa\u00fade (OPAS), considera-se grupo de risco </span><span class=\"tm36\">os seguintes servidores:</span></p>\r\n<p class=\"Normal tm38\" style=\"padding-left: 30px; text-align: justify; \"><span class=\"tm36\">I. Gestantes e lactantes;</span></p>\r\n<p class=\"Normal tm39\" style=\"padding-left: 30px; text-align: justify; \"><span class=\"tm36\">II. Maiores de 60 (sessenta) anos que n\u00e3o foram imunizados;</span></p>\r\n<p class=\"Normal tm40\" style=\"padding-left: 30px; text-align: justify; \"><span class=\"tm36\"></span><span class=\"tm36\">III. </span><span class=\"tm36\">Que possuem doen\u00e7as que podem contribuir para o desenvolvimento de sintomas graves do Covid-19, desde que devidamente comprovado por laudo </span><span class=\"tm41\">m\u00e9dico.</span></p>\r\n<p class=\"Normal tm42\" style=\"text-align: justify; \"><strong><span class=\"tm35\">Art 6\u00b0. </span></strong><span class=\"tm36\">A dispensa que trata o art. 5\u00b0 ser\u00e1 at\u00e9 o dia 04 de abril de 2021, conforme </span><span class=\"tm36\">o Decreto Municipal n\u00b0 3.136/2021.</span></p>\r\n<p class=\"Normal tm43\" style=\"text-align: justify; \"><strong><span class=\"tm44\">Art. 7\u00b0 </span></strong><span class=\"tm41\">Os prestadores de servi\u00e7os, quando poss\u00edvel, ficar\u00e3o em regime de home </span><span class=\"tm36\">office (trabalho remoto), ficando \u00e0 disposi\u00e7\u00e3o da C\u00e2mara para eventuais </span><span class=\"tm36\">trabalhos presenciais em caso de urg\u00eancia.</span></p>\r\n<p class=\"Normal tm45\" style=\"text-align: justify; \"><strong><span class=\"tm35\">Art. 8\u00b0 </span></strong><span class=\"tm36\">Esta Portaria ter\u00e1 vig\u00eancia do dia 26 de mar\u00e7o de 2021 \u00e0 04 de abril de </span><span class=\"tm36\">2021, revogando as disposi\u00e7\u00f5es em contr\u00e1rio.</span></p>\r\n<p class=\"Normal tm45\" style=\"text-align: justify; \"><span class=\"tm36\"><a title=\"\" href=\"https://www.embuguacu.sp.leg.br/institucional/noticias/copy_of_portaria_0252021.pdf\" class=\"internal-link\" target=\"_blank\"><img src=\"https://www.embuguacu.sp.leg.br/imagens/iconepdf.jpg/@@images/a4d976db-5803-47f0-b0c9-9de331e3cbe2.jpeg\" alt=\"\" class=\"image-inline\" title=\"\" />PORTARIA 025-2021</a></span></p>\r\n<p class=\"Normal tm45\" style=\"text-align: justify; \"><span class=\"tm36\"><br /></span></p>\r\n<pre><span class=\"tm36\"><span>Fonte: CMEG</span></span></pre>", "author_name": "vania", "version": "1.0", "author_url": "https://www.embuguacu.sp.leg.br/author/vania", "provider_name": "C\u00e2mara Municipal de Embu-Gua\u00e7u", "type": "rich"}