{"provider_url": "https://www.embuguacu.sp.leg.br", "title": "PORTARIA 07-2021", "html": "<p style=\"text-align: justify; \">O Presidente da C\u00e2mara Municipal de Embu-Gua\u00e7u, Ant\u00f4nio Filho Botelho, no uso das atribui\u00e7\u00f5es legais, RESOLVE:</p>\r\n<p style=\"text-align: justify; \"><span>\u00a0</span><b>Art. 1\u00ba</b><span> Seguindo o art. 8\u00ba do Decreto Municipal n\u00ba 3.129/2021, fica suspenso o atendimento presencial ao P\u00fablico no Pr\u00e9dio Principal da C\u00e2mara - Rua Em\u00edlia Pires, 135, no Pr\u00e9dio dos Gabinetes dos Vereadores e Administra\u00e7\u00e3o - Rua Coronel Luiz Ten\u00f3rio de Brito, 752 \u2013 2\u00ba andar.</span></p>\r\n<p style=\"text-align: justify; \">\u00a0<b>Par\u00e1grafo \u00fanico.</b><span> Em todas as divis\u00f5es os funcion\u00e1rios permanecem laborando no hor\u00e1rio normal de expediente.</span></p>\r\n<p style=\"text-align: justify; \">\u00a0<b>Art. 2\u00ba</b><span> Conforme Ato da Mesa n\u00ba 027/2021, est\u00e1 suspensa as Sess\u00f5es Ordin\u00e1rias do dia 09 e 16 de mar\u00e7o de 2021.</span></p>\r\n<p style=\"text-align: justify; \"><b>\u00a0</b><b>Art. 3\u00ba</b><span> Seguindo o art. 5\u00ba do Decreto Municipal n\u00ba 3.129/2021, fica proibido a abertura do Plen\u00e1rio ao p\u00fablico durante as Sess\u00f5es Extraordin\u00e1rias, Solenes, Audi\u00eancias P\u00fablicas e quaisquer outros eventos.</span></p>\r\n<p style=\"text-align: justify; \"><b>\u00a0</b><b>Art. 4\u00ba </b><span>Seguindo o par\u00e1grafo 3\u00ba, artigo 8\u00ba, do Decreto Municipal n\u00ba 3.129/2021, ficam os funcion\u00e1rios integrantes do grupo de risco, mediante requerimento \u00e0 Secretaria Administrativa e ap\u00f3s devida autoriza\u00e7\u00e3o, dispensados das suas atividades presenciais com intuito de que permane\u00e7am em isolamento em suas resid\u00eancias, ficando \u00e0 disposi\u00e7\u00e3o da C\u00e2mara em regime de home office (trabalho remoto).</span></p>\r\n<p style=\"text-align: justify; \"><b>\u00a0</b><b>Par\u00e1grafo 1\u00ba.</b><span> Para os efeitos do caput, conforme a classifica\u00e7\u00e3o da Organiza\u00e7\u00e3o Pan-Americana da Sa\u00fade (OPAS), considera-se grupo de risco os seguintes servidores:</span></p>\r\n<p style=\"text-align: justify; \">\u00a0<b>I</b><span>.\u00a0\u00a0\u00a0 Gestantes e lactantes;</span></p>\r\n<p style=\"text-align: justify; \"><b>II</b>.\u00a0\u00a0 Maiores de 60 (sessenta) anos que n\u00e3o foram imunizados;</p>\r\n<p style=\"text-align: justify; \"><b>III</b>. Que possuem doen\u00e7as que podem contribuir para o desenvolvimento de sintomas graves do Covid-19, desde que devidamente comprovado por laudo m\u00e9dico.</p>\r\n<p style=\"text-align: justify; \">\u00a0<b>Par\u00e1grafo 2\u00ba.</b><span> A dispensa que trata o </span><i>caput</i><span> ser\u00e1 at\u00e9 o dia 19 de mar\u00e7o de 2021, conforme o Decreto Estadual n\u00ba 65.545, de 3 de mar\u00e7o de 2021 que institui a fase vermelha no estado de S\u00e3o Paulo.</span></p>\r\n<p style=\"text-align: justify; \"><span><a title=\"\" href=\"https://www.embuguacu.sp.leg.br/institucional/noticias/Portarian0072021.pdf\" class=\"internal-link\" target=\"_blank\"><img src=\"https://www.embuguacu.sp.leg.br/imagens/iconepdf.jpg/@@images/a4d976db-5803-47f0-b0c9-9de331e3cbe2.jpeg\" alt=\"\" class=\"image-inline\" title=\"\" />PORTARIA 007-2021</a></span></p>\r\n<p style=\"text-align: justify; \"><span><a title=\"\" href=\"https://www.embuguacu.sp.leg.br/institucional/noticias/AtodaMesan0272021SuspensoSessoOrdinria.pdf\" class=\"internal-link\" target=\"_blank\"><img src=\"https://www.embuguacu.sp.leg.br/imagens/iconepdf.jpg/@@images/a4d976db-5803-47f0-b0c9-9de331e3cbe2.jpeg\" alt=\"\" class=\"image-inline\" title=\"\" />ATO DA MESA 027-2021</a></span></p>", "author_name": "vania", "version": "1.0", "author_url": "https://www.embuguacu.sp.leg.br/author/vania", "provider_name": "C\u00e2mara Municipal de Embu-Gua\u00e7u", "type": "rich"}