{"provider_url": "https://www.embuguacu.sp.leg.br", "title": "PLANO DIRETOR", "html": "<p style=\"text-align: justify; \" data-start=\"226\" data-end=\"499\">Com o objetivo de ampliar a transpar\u00eancia e facilitar o acesso \u00e0s informa\u00e7\u00f5es, a C\u00e2mara Municipal disponibilizou uma <strong data-start=\"343\" data-end=\"363\">p\u00e1gina exclusiva</strong> para acompanhar a tramita\u00e7\u00e3o do <strong>Projeto de Lei Complementar n\u00ba 013/2025</strong> \u2013 que disp\u00f5e sobre a revis\u00e3o do Plano Diretor do Munic\u00edpio.</p>\r\n<p style=\"text-align: justify; \" data-start=\"501\" data-end=\"553\">Na p\u00e1gina, a popula\u00e7\u00e3o encontra de forma organizada:</p>\r\n<ul>\r\n<li><em>Projeto em tramita\u00e7\u00e3o: texto integral do PLC n\u00ba 013/2025 e anexos (ex.: Macrozoneamento).</em></li>\r\n<li><em>Audi\u00eancia P\u00fablica: Edital n\u00ba 024/2025, com data, hor\u00e1rio e local (Plen\u00e1rio) e links de transmiss\u00e3o ao vivo.</em></li>\r\n<li><em>Participa\u00e7\u00e3o Popular: Consulta P\u00fablica Legislativa (Edital n\u00ba 027/2025) com formul\u00e1rio para envio de contribui\u00e7\u00f5es.</em></li>\r\n<li><em>Hist\u00f3rico e documentos: publica\u00e7\u00f5es, atualiza\u00e7\u00f5es, pareceres das Comiss\u00f5es e demais documentos relacionados.</em></li>\r\n</ul>\r\n<p style=\"text-align: justify; \" data-start=\"1088\" data-end=\"1162\">\u00a0</p>\r\n<p style=\"text-align: center; \" data-start=\"1088\" data-end=\"1162\">\ud83d\udd17 <strong data-start=\"1091\" data-end=\"1102\">Acesse:</strong> <a target=\"_new\" data-start=\"1103\" href=\"https://www.embuguacu.sp.leg.br/transparencia/plano-diretor\" rel=\"noopener\" data-end=\"1162\" class=\"decorated-link\">https://www.embuguacu.sp.leg.br/transparencia/plano-diretor</a></p>\r\n<p style=\"text-align: justify; \" data-start=\"1088\" data-end=\"1162\"><span style=\"text-align: justify; \">A C\u00e2mara refor\u00e7a o convite para que mun\u00edcipes, entidades e representantes de bairro </span><strong style=\"text-align: justify; \" data-start=\"1248\" data-end=\"1275\">acompanhem e participem</strong><span style=\"text-align: justify; \"> das etapas de discuss\u00e3o do Plano Diretor \u2014 instrumento essencial para orientar o desenvolvimento urbano, a prote\u00e7\u00e3o ambiental e os investimentos p\u00fablicos do Munic\u00edpio.</span></p>\r\n<p style=\"text-align: justify; \" data-start=\"1088\" data-end=\"1162\">\u00a0 \u00a0</p>\r\n<p style=\"text-align: justify; \" data-start=\"1088\" data-end=\"1162\">\u00a0</p>\r\n<p data-start=\"1194\" data-end=\"1260\"><strong data-start=\"1227\" data-end=\"1260\"></strong></p>\r\n<p style=\"text-align: justify; \" data-start=\"1088\" data-end=\"1162\">\u00a0</p>\r\n<pre>Fonte: C\u00c2MARA MUNICIPAL DE EMBU-GUA\u00c7U</pre>\r\n<p style=\"text-align: justify; \" data-start=\"1088\" data-end=\"1162\"><span style=\"text-align: justify; \"><br /></span></p>", "author_name": "", "version": "1.0", "author_url": "https://www.embuguacu.sp.leg.br/author/admin", "provider_name": "C\u00e2mara Municipal de Embu-Gua\u00e7u", "type": "rich"}