{"provider_url": "https://www.embuguacu.sp.leg.br", "title": "PARAB\u00c9NS EMBU-GUA\u00c7U", "html": "<p style=\"text-align: justify; \">Em 28/03/1965, o munic\u00edpio de Embu-Gua\u00e7u foi instalado com a posse do Prefeito, Vice-Prefeito e Vereadores, ocorrendo ent\u00e3o, a 1\u00aa Legislatura.</p>\r\n<p style=\"text-align: justify; \">Hoje, 28 de mar\u00e7o de 2025 Embu-Gua\u00e7u completa 60 anos de sua Emancipa\u00e7\u00e3o Pol\u00edticoAdministrativa.<br /><br />Fazer anivers\u00e1rio \u00e9 olhar para tr\u00e1s com gratid\u00e3o e para a frente com f\u00e9!</p>\r\n<p style=\"text-align: center; \"><br /><em><strong>\"...Embu Gua\u00e7u meu ber\u00e7o, meu lugar</strong></em><br /><em><strong>Eu hei de sempre, sempre te amar</strong></em><br /><em><strong>Pedir a Deus a tua prote\u00e7\u00e3o,</strong></em><br /><em><strong>Terra querida do meu cora\u00e7\u00e3o.\"</strong></em><br /><br /><strong>Parab\u00e9ns!<br /></strong></p>\r\n<p>\u00a0</p>\r\n<pre><b>Fonte: CMEG</b></pre>", "author_name": "", "version": "1.0", "author_url": "https://www.embuguacu.sp.leg.br/author/admin", "provider_name": "C\u00e2mara Municipal de Embu-Gua\u00e7u", "type": "rich"}