{"provider_url": "https://www.embuguacu.sp.leg.br", "title": "PARAB\u00c9NS EMBU-GUA\u00c7U", "html": "<p style=\"text-align: justify; \"><span>Em 28/03/1965, o munic\u00edpio de Embu-Gua\u00e7u foi instalado com a posse do Prefeito, Vice-Prefeito e Vereadores, ocorrendo ent\u00e3o, a 1\u00aa Legislatura.</span><br /><br /><span>Hoje, 28 de mar\u00e7o de 2023 Embu-Gua\u00e7u completa 58 anos de sua Emancipa\u00e7\u00e3o Pol\u00edtico-Administrativa.</span><br /><br /><span>Fazer anivers\u00e1rio \u00e9 olhar para tr\u00e1s com gratid\u00e3o e para a frente com f\u00e9!</span></p>\r\n<p style=\"text-align: center; \"><span></span><br /><strong><em>\"...Embu Gua\u00e7u meu ber\u00e7o, meu lugar</em></strong><br /><strong><em>Eu hei de sempre, sempre te amar</em></strong><br /><strong><em>Pedir a Deus a tua prote\u00e7\u00e3o,</em></strong><br /><strong><em>Terra querida do meu cora\u00e7\u00e3o.\"</em></strong></p>\r\n<p style=\"text-align: center; \"><span>Parab\u00e9ns!</span></p>\r\n<p style=\"text-align: center; \"><span>\u00a0</span></p>\r\n<pre><b>Fonte: CMEG</b></pre>\r\n<div><b><br /></b></div>\r\n<p style=\"text-align: center; \"><span><br /></span></p>", "author_name": "", "version": "1.0", "author_url": "https://www.embuguacu.sp.leg.br/author/adm", "provider_name": "C\u00e2mara Municipal de Embu-Gua\u00e7u", "type": "rich"}