{"provider_url": "https://www.embuguacu.sp.leg.br", "title": "OUTUBRO ROSA", "html": "<p><span>A C\u00e2mara Municipal de Embu-Gua\u00e7u, apoia essa campanhas de conscientiza\u00e7\u00e3o e ressalta a import\u00e2ncia do\u00a0</span><strong>Outubro Rosa</strong><span>\u00a0para compartilhar informa\u00e7\u00f5es e ajudar no controle da doen\u00e7a.</span></p>\r\n<p><span>Durante todo esse m\u00eas, em alus\u00e3o ao movimento internacional criado em 1990, nos Estados Unidos, o Portal do Poder Legislativo, assim como o nosso Logo Oficial, <span>ter\u00e3o no layout a cor rosa</span>.</span></p>\r\n<p><strong>Conscientiza\u00e7\u00e3o:</strong></p>\r\n<p><strong></strong><span><span>No Brasil, em 2020, cerca de oito mil casos de c\u00e2ncer de mama tiveram rela\u00e7\u00e3o direta com fatores comportamentais como consumo de bebidas alco\u00f3licas, excesso de peso e inatividade f\u00edsica. O n\u00famero representa 13,1% dos 64 mil casos novos de c\u00e2ncer de mama em mulheres com 30 anos e mais, em todo o pa\u00eds, de acordo com dados do INCA.</span>\u00a0</span></p>\r\n<p><strong>Mortalidade:</strong></p>\r\n<p>Em 2019, o Brasil registrou 18.068 mortes por c\u00e2ncer de mama, sendo o principal tipo da doen\u00e7a que leva mulheres a \u00f3bito. Proje\u00e7\u00f5es do INCA at\u00e9 2030 apontam para a estabilidade das taxas de mortalidade entre 30 e 69 anos. Uma das metas dos Objetivos do Desenvolvimento Sustent\u00e1vel at\u00e9 2030 \u00e9 reduzir em um ter\u00e7o das mortes prematuras por doen\u00e7as cr\u00f4nicas n\u00e3o transmiss\u00edveis, entre elas, o c\u00e2ncer. A Organiza\u00e7\u00e3o das Na\u00e7\u00f5es Unidades (ONU) estabelece uma meta de redu\u00e7\u00e3o de 30% desse tipo de c\u00e2ncer em todo mundo. (Minist\u00e9rio da Sa\u00fade - Governo Federal)</p>\r\n<p style=\"text-align: center; \"><em><strong>A campanha Outubro Rosa \u00e9 uma lembran\u00e7a de que as mulheres precisam se cuidar e fazer exames como uma forma de preven\u00e7\u00e3o. Quanto mais cedo o diagn\u00f3stico, melhor o progn\u00f3stico.</strong></em></p>\r\n<p style=\"text-align: center; \"><em><strong><br /></strong></em></p>\r\n<pre>Fonte: CMEG</pre>\r\n<p style=\"text-align: center; \"><em><strong><br /></strong></em></p>", "author_name": "", "version": "1.0", "author_url": "https://www.embuguacu.sp.leg.br/author/adm", "provider_name": "C\u00e2mara Municipal de Embu-Gua\u00e7u", "type": "rich"}