{"provider_url": "https://www.embuguacu.sp.leg.br", "title": "ORDEM DO DIA DA 46\u00aa SESS\u00c3O ORDIN\u00c1RIA", "html": "<p style=\"text-align: center; \"><a title=\"\" href=\"https://www.embuguacu.sp.leg.br/institucional/noticias/edital0362022ORDEMDODIA.pdf\" class=\"internal-link\" target=\"_blank\"><img alt=\"\" class=\"image-inline\" src=\"../../imagens/iconepdf.jpg/@@images/a4d976db-5803-47f0-b0c9-9de331e3cbe2.jpeg\" title=\"\" />\u00a0EDITAL 0362022\u00a0</a></p>\r\n<p style=\"text-align: center; \">\u00a0</p>\r\n<p><a title=\"\" href=\"https://www.embuguacu.sp.leg.br/institucional/noticias/ProjetodeLein0212022substituto.pdf\" class=\"internal-link\" target=\"_blank\"><img alt=\"\" class=\"image-inline\" src=\"../../imagens/iconepdf.jpg/@@images/a4d976db-5803-47f0-b0c9-9de331e3cbe2.jpeg\" title=\"\" />\u00a0PL 0212022 EXEC</a></p>\r\n<p>\u00a0</p>\r\n<p><span>Segue as\u00a0</span><strong>EMENDAS PARLAMENTARES INDIVIDUAIS IMPOSITIVAS</strong><span>\u00a0referente ao\u00a0<a title=\"\" href=\"https://www.embuguacu.sp.leg.br/institucional/noticias/copy_of_ProjetodeLein0212022substituto.pdf\" class=\"internal-link\" target=\"_blank\">Projeto de Lei n\u00b0 021/2022</a>\u00a0-\u00a0</span><span>LOA - Estima a receita e fixa a despesa do Munic\u00edpio para o exerc\u00edcio de 2023</span></p>\r\n<p><span><br /></span></p>\r\n<p><a title=\"\" href=\"https://www.embuguacu.sp.leg.br/institucional/noticias/VereadorCarlinhosREPUBLICANOS.pdf\" class=\"internal-link\" target=\"_blank\"><img alt=\"\" class=\"image-inline\" src=\"../../imagens/iconepdf.jpg/@@images/a4d976db-5803-47f0-b0c9-9de331e3cbe2.jpeg\" title=\"\" />\u00a0Vereador Carlinhos - REPUBLICANOS</a></p>\r\n<p><a title=\"\" href=\"https://www.embuguacu.sp.leg.br/institucional/noticias/VereadorClebinhoJogador.pdf\" class=\"internal-link\" target=\"_blank\"><img alt=\"\" class=\"image-inline\" src=\"../../imagens/iconepdf.jpg/@@images/a4d976db-5803-47f0-b0c9-9de331e3cbe2.jpeg\" title=\"\" />\u00a0Vereador Clebinho Jogador</a></p>\r\n<p><a title=\"\" href=\"https://www.embuguacu.sp.leg.br/institucional/noticias/VereadorEdmilsonSantosMDB.pdf\" class=\"internal-link\" target=\"_blank\"><img alt=\"\" class=\"image-inline\" src=\"../../imagens/iconepdf.jpg/@@images/a4d976db-5803-47f0-b0c9-9de331e3cbe2.jpeg\" title=\"\" />\u00a0Vereador Edmilson Santos\u00a0- MDB</a></p>\r\n<p><a title=\"\" href=\"https://www.embuguacu.sp.leg.br/institucional/noticias/copy_of_VereadorEngenheiroBarrosPTB.pdf\" class=\"internal-link\" target=\"_blank\"><img alt=\"\" class=\"image-inline\" src=\"../../imagens/iconepdf.jpg/@@images/a4d976db-5803-47f0-b0c9-9de331e3cbe2.jpeg\" title=\"\" />\u00a0Vereador Engenheiro Barros - PTB</a></p>\r\n<p><a title=\"\" href=\"https://www.embuguacu.sp.leg.br/institucional/noticias/VereadorIsaiasCoelhoCIDADANIA.pdf\" class=\"internal-link\" target=\"_blank\"><img alt=\"\" class=\"image-inline\" src=\"../../imagens/iconepdf.jpg/@@images/a4d976db-5803-47f0-b0c9-9de331e3cbe2.jpeg\" title=\"\" />\u00a0Vereador Isaias Coelho - CIDADANIA</a></p>\r\n<p><a title=\"\" href=\"https://www.embuguacu.sp.leg.br/institucional/noticias/copy_of_VereadorJooSenUnioBrasil.pdf\" class=\"internal-link\" target=\"_blank\"><img alt=\"\" class=\"image-inline\" src=\"../../imagens/iconepdf.jpg/@@images/a4d976db-5803-47f0-b0c9-9de331e3cbe2.jpeg\" title=\"\" />\u00a0Vereador Jo\u00e3o Sen\u00e9 - Uni\u00e3o Brasil<strong><strong></strong></strong></a></p>\r\n<p><a title=\"\" href=\"https://www.embuguacu.sp.leg.br/institucional/noticias/copy_of_VereadorJoozinhodoCavaloPTB.pdf\" class=\"internal-link\" target=\"_blank\"><img alt=\"\" class=\"image-inline\" src=\"../../imagens/iconepdf.jpg/@@images/a4d976db-5803-47f0-b0c9-9de331e3cbe2.jpeg\" title=\"\" />\u00a0Vereador\u00a0Jo\u00e3ozinho do Cavalo- PTB</a><a title=\"\" href=\"https://www.embuguacu.sp.leg.br/institucional/noticias/Joozinho.pdf\" class=\"internal-link\" target=\"_blank\"></a></p>\r\n<p><a title=\"\" href=\"https://www.embuguacu.sp.leg.br/institucional/noticias/copy_of_VereadorJoaquimdaAposentadoriaPP.pdf\" class=\"internal-link\" target=\"_blank\"><img alt=\"\" class=\"image-inline\" src=\"../../imagens/iconepdf.jpg/@@images/a4d976db-5803-47f0-b0c9-9de331e3cbe2.jpeg\" title=\"\" />\u00a0Vereador Joaquim da Aposentadoria - PP</a><a title=\"\" href=\"https://www.embuguacu.sp.leg.br/institucional/noticias/Joaquim.pdf\" class=\"internal-link\" target=\"_blank\"></a></p>\r\n<p><a title=\"\" href=\"https://www.embuguacu.sp.leg.br/institucional/noticias/VereadorLucasdaSadePSC.pdf\" class=\"internal-link\" target=\"_blank\"><img alt=\"\" class=\"image-inline\" src=\"../../imagens/iconepdf.jpg/@@images/a4d976db-5803-47f0-b0c9-9de331e3cbe2.jpeg\" title=\"\" />\u00a0Vereador Lucas da Sa\u00fade - PSC</a></p>\r\n<p><a title=\"\" href=\"https://www.embuguacu.sp.leg.br/institucional/noticias/VereadorMaiconSiqueiraPSC.pdf\" class=\"internal-link\" target=\"_blank\"><img alt=\"\" class=\"image-inline\" src=\"../../imagens/iconepdf.jpg/@@images/a4d976db-5803-47f0-b0c9-9de331e3cbe2.jpeg\" title=\"\" />\u00a0Vereador Maicon Siqueira - PSC</a></p>\r\n<p><a title=\"\" href=\"https://www.embuguacu.sp.leg.br/institucional/noticias/copy_of_VereadorProf.ColleMDB.pdf\" class=\"internal-link\" target=\"_blank\"><img alt=\"\" class=\"image-inline\" src=\"../../imagens/iconepdf.jpg/@@images/a4d976db-5803-47f0-b0c9-9de331e3cbe2.jpeg\" title=\"\" />\u00a0Vereador Prof. Colle - MDB</a></p>\r\n<p><a title=\"\" href=\"https://www.embuguacu.sp.leg.br/institucional/noticias/copy2_of_VereadorProf.CarlosShytonCIDADANIA.pdf\" class=\"internal-link\" target=\"_blank\"><img alt=\"\" class=\"image-inline\" src=\"../../imagens/iconepdf.jpg/@@images/a4d976db-5803-47f0-b0c9-9de331e3cbe2.jpeg\" title=\"\" />\u00a0Vereador Prof. Carlos Shyton- CIDADANIA</a><a title=\"\" href=\"https://www.embuguacu.sp.leg.br/institucional/noticias/ShytonImpositivas.pdf\" class=\"internal-link\" target=\"_blank\"></a></p>\r\n<p><a title=\"\" href=\"https://www.embuguacu.sp.leg.br/institucional/noticias/VereadorToninhoValflorMDB.pdf\" class=\"internal-link\" target=\"_blank\"><img alt=\"\" class=\"image-inline\" src=\"../../imagens/iconepdf.jpg/@@images/a4d976db-5803-47f0-b0c9-9de331e3cbe2.jpeg\" title=\"\" />\u00a0Vereador\u00a0Toninho Valflor\u00a0- MDB</a><a title=\"\" href=\"https://www.embuguacu.sp.leg.br/institucional/noticias/Toninho.pdf\" class=\"internal-link\" target=\"_blank\"></a></p>", "author_name": "", "version": "1.0", "author_url": "https://www.embuguacu.sp.leg.br/author/camila", "provider_name": "C\u00e2mara Municipal de Embu-Gua\u00e7u", "type": "rich"}