{"provider_url": "https://www.embuguacu.sp.leg.br", "title": "ORDEM DO DIA DA 36\u00aa SESS\u00c3O ORDIN\u00c1RIA", "html": "<p style=\"text-align: center; \"><strong><a title=\"\" href=\"https://www.embuguacu.sp.leg.br/institucional/noticias/copy_of_EDITAL0282025OrdemdoDia36.pdf\" class=\"internal-link\" target=\"_blank\">EDITAL N\u00ba 0282025 -\u00a0</a><strong><a title=\"\" href=\"https://www.embuguacu.sp.leg.br/institucional/noticias/copy_of_EDITAL0282025OrdemdoDia36.pdf\" class=\"internal-link\" target=\"_blank\">ORDEM DO DIA</a><a title=\"\" href=\"https://www.embuguacu.sp.leg.br/institucional/noticias/copy_of_EDITAL0192025OrdemdoDia28.pdf\" class=\"internal-link\" target=\"_blank\">\u00a0</a></strong></strong></p>\r\n<p style=\"text-align: center; \"><strong>36\u00aa SESS\u00c3O ORDIN\u00c1RIA \u2013 Quinta-Feira, \u00e0s 10h00</strong></p>\r\n<p style=\"text-align: center; \">\ud83d\udccd\u00a0<em>Plen\u00e1rio da C\u00e2mara Municipal de Embu-Gua\u00e7u</em></p>\r\n<p><b>O PRESIDENTE DA C\u00c2MARA MUNICIPAL DE EMBU-GUA\u00c7U,\u00a0</b>no uso de suas atribui\u00e7\u00f5es regimentais, especialmente a prevista no art. 12 da Resolu\u00e7\u00e3o n\u00ba 001/91, organiza a\u00a0<b>ORDEM DO DIA\u00a0</b>da 36\u00aa Sess\u00e3o Ordin\u00e1ria, a ser realizada em 27 de novembro de 2025, \u00e0s 10h00min no Plen\u00e1rio Benedicto Roschel de Moraes.</p>\r\n<p style=\"text-align: center; \">\u2714\u00a0<strong>Acompanhe a transmiss\u00e3o online:</strong></p>\r\n<p style=\"text-align: center; \">\ud83d\udcf9\u00a0<em>YouTube</em>\u00a0e\u00a0<em>Facebook</em>\u00a0oficiais da C\u00e2mara Municipal de Embu-Gua\u00e7u.</p>\r\n<p>\ud83d\udd17\u00a0<strong><em><a class=\"external-link\" href=\"https://sapl.embuguacu.sp.leg.br/sessao/235/resumo\" target=\"_blank\" title=\"\">Clique aqui</a><a class=\"external-link\" href=\"http://sapl.embuguacu.sp.leg.br/sessao/pauta-sessao/204/\" target=\"_blank\" title=\"\">\u00a0</a>e acesse na\u00a0 integra as mat\u00e9rias apresentadas pelo Chefe do Poder Executivo e Vereadores, no Sistema de Apoio ao Processo Legislativo - SAPL da C\u00e2mara Municipal de Embu-Gua\u00e7u.</em></strong></p>", "author_name": "", "version": "1.0", "author_url": "https://www.embuguacu.sp.leg.br/author/camila", "provider_name": "C\u00e2mara Municipal de Embu-Gua\u00e7u", "type": "rich"}