{"provider_url": "https://www.embuguacu.sp.leg.br", "title": "ORDEM DO DIA DA 14\u00aa SESS\u00c3O ORDIN\u00c1RIA ", "html": "<p>Ordem do Dia da 14\u00aa Sess\u00e3o Ordin\u00e1ria, que ser\u00e1 realizada no dia 27 de abril de 2021 \u00e1s 10h00min.</p>\r\n<p><a title=\"\" href=\"https://www.embuguacu.sp.leg.br/institucional/noticias/edital0092020ORDEMDODIA.pdf\" class=\"internal-link\" target=\"_blank\"><img alt=\"\" class=\"image-inline\" src=\"../../imagens/iconepdf.jpg/@@images/a4d976db-5803-47f0-b0c9-9de331e3cbe2.jpeg\" title=\"\" />\u00a0ORDEM DO DIA</a></p>\r\n<p><a title=\"\" href=\"https://www.embuguacu.sp.leg.br/institucional/noticias/PR0052021parecerrecursoR02.pdf\" class=\"internal-link\" target=\"_blank\"><img alt=\"\" class=\"image-inline\" src=\"../../imagens/iconepdf.jpg/@@images/a4d976db-5803-47f0-b0c9-9de331e3cbe2.jpeg\" title=\"\" />\u00a0PROJETO DE RESOLU\u00c7\u00c3O 005/2021\u00a0- PARECER</a></p>\r\n<p>\u00a0</p>\r\n<pre>Fonte:CMEG</pre>", "author_name": "", "version": "1.0", "author_url": "https://www.embuguacu.sp.leg.br/author/adm", "provider_name": "C\u00e2mara Municipal de Embu-Gua\u00e7u", "type": "rich"}