{"provider_url": "https://www.embuguacu.sp.leg.br", "title": "ORDEM DO DIA 1\u00aa SESS\u00c3O EXTRAORDIN\u00c1RIA", "html": "<p><strong>1 - EDITAL\u00a0</strong></p>\r\n<p><a title=\"\" href=\"https://www.embuguacu.sp.leg.br/institucional/noticias/EDITAL0292023ORDEMDODIA.pdf\" class=\"internal-link\" target=\"_blank\"><img alt=\"\" class=\"image-inline\" src=\"../../imagens/iconepdf.jpg/@@images/a4d976db-5803-47f0-b0c9-9de331e3cbe2.jpeg\" title=\"\" />\u00a0Edital 029/2023</a></p>\r\n<p><strong>2 - PROJETO DE LEI N\u00ba025/2023\u00a0</strong></p>\r\n<p><a title=\"\" href=\"https://www.embuguacu.sp.leg.br/institucional/noticias/PROJETODELEI2023025CREDITOBBASSINADO.pdf\" class=\"internal-link\" target=\"_self\"><img alt=\"\" class=\"image-inline\" src=\"../../imagens/iconepdf.jpg/@@images/a4d976db-5803-47f0-b0c9-9de331e3cbe2.jpeg\" title=\"\" />\u00a0PL N\u00ba 025/2023 - Executivo</a></p>\r\n<p><strong>3 - OFICIO EXECUTIVO</strong></p>\r\n<p><a title=\"\" href=\"https://www.embuguacu.sp.leg.br/institucional/noticias/OFICIO_2023_096__SOLICITACAO_DE_SESSAO_EXTRAORDINARIA__ASSINADO_assinado.pdf\" class=\"internal-link\" target=\"_self\"><img alt=\"\" class=\"image-inline\" src=\"../../imagens/iconepdf.jpg/@@images/a4d976db-5803-47f0-b0c9-9de331e3cbe2.jpeg\" title=\"\" />\u00a0Convoca\u00e7\u00e3o de Sess\u00e3o Extraordin\u00e1ria</a></p>\r\n<p>\u00a0</p>\r\n<p>\u00a0</p>\r\n<pre class=\"tm6\"><span class=\"tm6\">Fonte: CMEG</span></pre>", "author_name": "", "version": "1.0", "author_url": "https://www.embuguacu.sp.leg.br/author/adm", "provider_name": "C\u00e2mara Municipal de Embu-Gua\u00e7u", "type": "rich"}