{"provider_url": "https://www.embuguacu.sp.leg.br", "title": "NOVO HOR\u00c1RIO DAS SESS\u00d5ES ORDIN\u00c1RIAS ", "html": "<p style=\"text-align: justify; \"><span>A C\u00e2mara Municipal de Embu-Gua\u00e7u comunica que a\u00a0 Sess\u00e3o Ordin\u00e1ria ser\u00e1 realizada todas as ter\u00e7as-feiras no hor\u00e1rio das 18h, na <strong>C\u00e2mara Municipal de Embu-Gua\u00e7u</strong>, com transmiss\u00e3o ao vivo na p\u00e1gina da institui\u00e7\u00e3o no Facebook e youtube. </span></p>\r\n<p style=\"text-align: justify; \"><span>A mudan\u00e7a do hor\u00e1rio foi aprovada na 7\u00aa Sess\u00e3o Ordin\u00e1ria, com a vota\u00e7\u00e3o do Projeto de Resolu\u00e7\u00e3o n\u00b0 001/2022 e a Emenda\u00a0<span>n\u00b0 004/2022.</span></span></p>\r\n<p style=\"text-align: justify; \"><span><a title=\"\" href=\"https://www.embuguacu.sp.leg.br/institucional/noticias/Res.0022022.pdf\" class=\"internal-link\" target=\"_blank\"><img alt=\"\" class=\"image-inline\" src=\"../../imagens/iconepdf.jpg/@@images/a4d976db-5803-47f0-b0c9-9de331e3cbe2.jpeg\" title=\"\" />\u00a0\u00a0RESOLU\u00c7\u00c3O N\u00ba 002/2022.</a></span></p>\r\n<p style=\"text-align: justify; \"><span>\u00a0</span></p>\r\n<pre>Fonte:CMEG</pre>\r\n<p style=\"text-align: justify; \"><span><br /></span></p>", "author_name": "", "version": "1.0", "author_url": "https://www.embuguacu.sp.leg.br/author/adm", "provider_name": "C\u00e2mara Municipal de Embu-Gua\u00e7u", "type": "rich"}