{"provider_url": "https://www.embuguacu.sp.leg.br", "title": "NOVO HOR\u00c1RIO DAS SESS\u00d5ES ORDIN\u00c1RIAS - 09H00", "html": "<p style=\"text-align: center; \"><strong>AVISO</strong></p>\r\n<p>A C\u00e2mara Municipal de Embu-Gua\u00e7u comunica que a\u00a0 Sess\u00e3o Ordin\u00e1ria ser\u00e1 realizada todas as <strong>ter\u00e7as-feiras no hor\u00e1rio das 09h</strong>, na\u00a0<strong>C\u00e2mara Municipal de Embu-Gua\u00e7u</strong>, com transmiss\u00e3o ao vivo na p\u00e1gina da institui\u00e7\u00e3o no Facebook e youtube.</p>\r\n<p>A mudan\u00e7a do hor\u00e1rio foi aprovada na 16\u00aa Sess\u00e3o Ordin\u00e1ria, com a vota\u00e7\u00e3o do Projeto de Resolu\u00e7\u00e3o n\u00b0 005/2022 de autoria da MESA DIRETORA.</p>\r\n<p>\u00a0</p>\r\n<p style=\"text-align: center; \"><a class=\"external-link\" href=\"http://sapl.embuguacu.sp.leg.br/media/sapl/public/normajuridica/2022/621/res.0052022.pdf\" target=\"_blank\" title=\"\"><img alt=\"\" class=\"image-inline\" src=\"../../imagens/iconepdf.jpg/@@images/a4d976db-5803-47f0-b0c9-9de331e3cbe2.jpeg\" title=\"\" />\u00a0\u00a0RESOLU\u00c7\u00c3O N\u00ba 005/2022.</a></p>\r\n<p>\u00a0</p>\r\n<pre>Fonte:CMEG</pre>", "author_name": "", "version": "1.0", "author_url": "https://www.embuguacu.sp.leg.br/author/adm", "provider_name": "C\u00e2mara Municipal de Embu-Gua\u00e7u", "type": "rich"}