{"provider_url": "https://www.embuguacu.sp.leg.br", "title": "NOVEMBRO AZUL", "html": "<p style=\"text-align: justify; \" data-start=\"289\" data-end=\"636\">A C\u00e2mara Municipal de Embu-Gua\u00e7u aderiu oficialmente \u00e0 campanha <strong data-start=\"353\" data-end=\"370\">Novembro Azul</strong>, iniciativa de car\u00e1ter mundial que tem como objetivo conscientizar a popula\u00e7\u00e3o masculina sobre a import\u00e2ncia do <strong data-start=\"483\" data-end=\"506\">diagn\u00f3stico precoce</strong> do c\u00e2ncer de pr\u00f3stata e do cuidado com a sa\u00fade em todas as fases da vida, incentivando a procura regular pelos servi\u00e7os de sa\u00fade.</p>\r\n<p style=\"text-align: justify; \" data-start=\"638\" data-end=\"933\">Durante todo o m\u00eas de novembro, diversas a\u00e7\u00f5es em todo o pa\u00eds buscam alertar os homens sobre a necessidade de <strong data-start=\"748\" data-end=\"770\">exames preventivos</strong>, do acompanhamento m\u00e9dico peri\u00f3dico na <strong data-start=\"810\" data-end=\"832\">Aten\u00e7\u00e3o B\u00e1sica/UBS</strong> e da ado\u00e7\u00e3o de h\u00e1bitos saud\u00e1veis, principais formas de reduzir riscos e aumentar as chances de cura.</p>\r\n<p style=\"text-align: justify; \" data-start=\"935\" data-end=\"1143\">Ao apoiar a campanha, a C\u00e2mara Municipal busca contribuir para a mobiliza\u00e7\u00e3o da sociedade local, refor\u00e7ando que a informa\u00e7\u00e3o, o autocuidado e a detec\u00e7\u00e3o precoce s\u00e3o ferramentas fundamentais para salvar vidas.</p>\r\n<blockquote data-start=\"1145\" data-end=\"1227\">\r\n<p style=\"text-align: center; \" data-start=\"1147\" data-end=\"1227\"><strong data-start=\"1147\" data-end=\"1227\">\u201cCuidar da sa\u00fade \u00e9 um gesto de amor \u00e0 vida. A preven\u00e7\u00e3o \u00e9 o melhor caminho.\u201d</strong></p>\r\n</blockquote>\r\n<p style=\"text-align: justify; \" data-start=\"1229\" data-end=\"1560\">O Minist\u00e9rio da Sa\u00fade e diversas institui\u00e7\u00f5es parceiras oferecem informa\u00e7\u00f5es e orienta\u00e7\u00f5es sobre a preven\u00e7\u00e3o do c\u00e2ncer de pr\u00f3stata e a sa\u00fade do homem, com destaque para a consulta regular na Unidade B\u00e1sica de Sa\u00fade e a avalia\u00e7\u00e3o individualizada pelo m\u00e9dico. Mais informa\u00e7\u00f5es podem ser acessadas no portal oficial:<strong data-start=\"1562\" data-end=\"1678\">\u00a0<a class=\"external-link\" href=\"https://www.gov.br/dnocs/pt-br/assuntos/noticias/novembro-azul-cuidar-da-saude-e-um-ato-de-coragem-1\" target=\"_self\" title=\"\">gov.br</a>.</strong></p>\r\n<p style=\"text-align: justify; \" data-start=\"1229\" data-end=\"1560\"><strong data-start=\"1562\" data-end=\"1678\"></strong></p>\r\n<p data-start=\"1506\" data-end=\"1603\">\u00a0</p>\r\n<p style=\"text-align: justify; \" data-start=\"1229\" data-end=\"1560\"><strong data-start=\"1562\" data-end=\"1678\"></strong></p>\r\n<pre>Fonte: C\u00c2MARA MUNICIPAL DE EMBU-GUA\u00c7U</pre>\r\n<p style=\"text-align: justify; \" data-start=\"1229\" data-end=\"1560\"><strong data-start=\"1562\" data-end=\"1678\"><br /></strong></p>", "author_name": "", "version": "1.0", "author_url": "https://www.embuguacu.sp.leg.br/author/admin", "provider_name": "C\u00e2mara Municipal de Embu-Gua\u00e7u", "type": "rich"}