{"provider_url": "https://www.embuguacu.sp.leg.br", "title": "JANEIRO BRANCO", "html": "<p style=\"text-align: center; \">A C\u00e2mara Municipal de Embu-Gua\u00e7u apoia o Janeiro Branco \u2013 Campanha de Preven\u00e7\u00e3o \u00e0 Sa\u00fade Mental.</p>\r\n<p style=\"text-align: center; \">Cuidar da mente \u00e9 essencial para uma vida mais saud\u00e1vel, equilibrada e com mais qualidade. <br />Que este m\u00eas nos lembre da import\u00e2ncia do autocuidado, do di\u00e1logo e da busca por apoio sempre que necess\u00e1rio. <br /><strong></strong></p>\r\n<p style=\"text-align: center; \"><strong>Cuidar de si \u00e9 um ato de responsabilidade e amor.</strong></p>", "author_name": "", "version": "1.0", "author_url": "https://www.embuguacu.sp.leg.br/author/jaqueline", "provider_name": "C\u00e2mara Municipal de Embu-Gua\u00e7u", "type": "rich"}