{"provider_url": "https://www.embuguacu.sp.leg.br", "title": "FERIADO DE CORPUS CHRISTI", "html": "<p class=\" \" style=\"text-align: justify; \"><span>A C\u00e2mara Municipal de Embu-Gua\u00e7u informa que n\u00e3o haver\u00e1 expediente nos dias 16 e 17 de junho, quinta e sexta-feira, retornando o expediente normal na pr\u00f3xima segunda-feira, dia 20 de junho de 2022.</span></p>\r\n<p class=\" \" style=\"text-align: center; \"><span><a class=\"external-link\" href=\"http://sapl.embuguacu.sp.leg.br/media/sapl/public/normajuridica/2022/532/portaria_002-2022.pdf\" target=\"_self\" title=\"\">Portaria n\u00b0 002/2022</a></span></p>\r\n<p class=\" \" style=\"text-align: justify; \">\u00a0<em><span>Corpus Christi \u00e9 uma express\u00e3o oriunda do latim que significa \u201cCorpo de Cristo\u201d.</span></em></p>\r\n<p class=\" \" style=\"text-align: justify; \"><em>\u00c9 considerada uma das festas mais importantes para a Igreja Cat\u00f3lica, pois celebra o mist\u00e9rio da eucaristia, ou seja, o sacramento do sangue e corpo de Jesus Cristo.</em></p>\r\n<p class=\" \" style=\"text-align: justify; \"><em><strong>A celebra\u00e7\u00e3o de Corpus Christi \u00e9 marcada por prociss\u00f5es em diversos estados brasileiros. A prociss\u00e3o \u00e9 feita nas ruas, onde as pessoas podem testemunhar e adorar a representa\u00e7\u00e3o do Corpo e Sangue de Cristo.</strong></em></p>\r\n<p>\u00a0</p>\r\n<pre><b>Fonte: CMEG</b></pre>\r\n<p class=\" \" style=\"text-align: justify; \"><strong><br /></strong></p>", "author_name": "", "version": "1.0", "author_url": "https://www.embuguacu.sp.leg.br/author/adm", "provider_name": "C\u00e2mara Municipal de Embu-Gua\u00e7u", "type": "rich"}