{"provider_url": "https://www.embuguacu.sp.leg.br", "title": "FERIADO DA PROCLAMA\u00c7\u00c3O DA REP\u00daBLICA", "html": "<p class=\" \">A C\u00e2mara Municipal de Embu-Gua\u00e7u informa que n\u00e3o haver\u00e1 expediente nos dias 14 e 15 de novembro, segunda e ter\u00e7a-feira, retornando o expediente normal na pr\u00f3xima quarta-feira, dia 16 de novembro de 2022.</p>\r\n<p class=\" \" style=\"text-align: center; \"><a class=\"external-link\" href=\"http://sapl.embuguacu.sp.leg.br/media/sapl/public/normajuridica/2022/532/portaria_002-2022.pdf\" target=\"_self\" title=\"\">Portaria n\u00b0 002/2022</a></p>\r\n<p class=\" \" style=\"text-align: justify; \">\u00a0<em><span style=\"text-align: justify; \">A 42\u00aa Sess\u00e3o Ordin\u00e1ria, que seria realizada no dia 15/11, foi transferida para 16/11, \u00e0s 09h.\u00a0</span></em></p>\r\n<p class=\" \" style=\"text-align: justify; \"><strong>Hist\u00f3ria</strong></p>\r\n<p class=\" \" style=\"text-align: justify; \">A rep\u00fablica foi instaurada no Brasil em 1889 a partir de um golpe orquestrado por militares e republicanos civis, sem a participa\u00e7\u00e3o popular. O movimento foi resultado da insatisfa\u00e7\u00e3o desses grupos com a monarquia, que governava o Pa\u00eds desde 1822. (Fonte: Brasil Escola)</p>\r\n<p class=\" \" style=\"text-align: justify; \">\u00a0</p>\r\n<p class=\" \" style=\"text-align: justify; \">\u00a0</p>\r\n<pre><b>Fonte: CMEG</b></pre>\r\n<p class=\" \" style=\"text-align: justify; \">\u00a0</p>\r\n<div><b><br /></b></div>\r\n<p class=\" \" style=\"text-align: justify; \"><span style=\"text-align: justify; \"><br /></span></p>", "author_name": "", "version": "1.0", "author_url": "https://www.embuguacu.sp.leg.br/author/adm", "provider_name": "C\u00e2mara Municipal de Embu-Gua\u00e7u", "type": "rich"}