{"provider_url": "https://www.embuguacu.sp.leg.br", "title": "EXPEDIENTE 41\u00aa SESS\u00c3O ORDIN\u00c1RIA", "html": "<p><strong>Ata\u00a0da Sess\u00e3o Anterior</strong></p>\r\n<p><a title=\"\" href=\"https://www.embuguacu.sp.leg.br/institucional/noticias/copy_of_140Ord.pdf\" class=\"internal-link\" target=\"_blank\"><strong><img alt=\"\" class=\"image-inline\" src=\"../../imagens/iconepdf.jpg/@@images/a4d976db-5803-47f0-b0c9-9de331e3cbe2.jpeg\" title=\"\" /></strong>\u00a01 - ATA da 40\u00aa Sess\u00e3o Ordin\u00e1ria\u00a0de 2022</a></p>\r\n<p><strong>Recebidos pelo Prefeito:</strong></p>\r\n<p><a title=\"\" href=\"https://www.embuguacu.sp.leg.br/institucional/noticias/2Decretosns3.209e3.2102022.pdf\" class=\"internal-link\" target=\"_blank\"><em><img alt=\"\" class=\"image-inline\" src=\"../../imagens/iconepdf.jpg/@@images/a4d976db-5803-47f0-b0c9-9de331e3cbe2.jpeg\" title=\"\" /></em>\u00a02 - Decretos n\u00bas 3.209 e 3.210-2022</a></p>\r\n<p><a title=\"\" href=\"https://www.embuguacu.sp.leg.br/institucional/noticias/2Ofciosn117e1192022COVID.pdf\" class=\"internal-link\" target=\"_blank\"><img alt=\"\" class=\"image-inline\" src=\"../../imagens/iconepdf.jpg/@@images/a4d976db-5803-47f0-b0c9-9de331e3cbe2.jpeg\" title=\"\" />\u00a02 - Of\u00edcios n\u00ba 117 e 119-2022 COVID</a></p>\r\n<p><a title=\"\" href=\"https://www.embuguacu.sp.leg.br/institucional/noticias/copy_of_2Portariasns404422a425e428a4602022.pdf\" class=\"internal-link\" target=\"_blank\"><img alt=\"\" class=\"image-inline\" src=\"../../imagens/iconepdf.jpg/@@images/a4d976db-5803-47f0-b0c9-9de331e3cbe2.jpeg\" title=\"\" />\u00a02 - Portarias n\u00bas 404,422 a 425 e 428 a 460-2022</a></p>\r\n<p><strong>Aprova\u00e7\u00e3o de Projetos CCJR:</strong></p>\r\n<p><a title=\"\" href=\"https://www.embuguacu.sp.leg.br/institucional/noticias/copy5_of_3APROVAODEPROJETO.pdf\" class=\"internal-link\" target=\"_blank\"><img alt=\"\" class=\"image-inline\" src=\"../../imagens/iconepdf.jpg/@@images/a4d976db-5803-47f0-b0c9-9de331e3cbe2.jpeg\" title=\"\" />\u00a03 - APROVA\u00c7\u00c3O\u00a0 DE PROJETO</a></p>\r\n<p><strong>Mat\u00e9ria apresentada pelos Vereadores:</strong></p>\r\n<p><a title=\"\" href=\"https://www.embuguacu.sp.leg.br/institucional/noticias/copy2_of_4REQ2422022.pdf\" class=\"internal-link\" target=\"_blank\"><img alt=\"\" class=\"image-inline\" src=\"../../imagens/iconepdf.jpg/@@images/a4d976db-5803-47f0-b0c9-9de331e3cbe2.jpeg\" title=\"\" />\u00a04 - REQ 2422022</a></p>\r\n<p><strong>Mat\u00e9rias que n\u00e3o requerem Vota\u00e7\u00e3o</strong></p>\r\n<p><a title=\"\" href=\"https://www.embuguacu.sp.leg.br/institucional/noticias/copy_of_EXP0412022.pdf\" class=\"internal-link\" target=\"_blank\">\u00a0<img alt=\"\" class=\"image-inline\" src=\"../../imagens/iconepdf.jpg/@@images/a4d976db-5803-47f0-b0c9-9de331e3cbe2.jpeg\" title=\"\" />\u00a0EXP0412022</a></p>\r\n<p><strong>Expediente da Presid\u00eancia:</strong></p>\r\n<p><a title=\"\" href=\"https://www.embuguacu.sp.leg.br/institucional/noticias/EXPP0412022.pdf\" class=\"internal-link\" target=\"_blank\"><strong>\u00a0<img alt=\"\" class=\"image-inline\" src=\"../../imagens/iconepdf.jpg/@@images/a4d976db-5803-47f0-b0c9-9de331e3cbe2.jpeg\" title=\"\" />\u00a0</strong>EXPP0412022</a></p>", "author_name": "", "version": "1.0", "author_url": "https://www.embuguacu.sp.leg.br/author/camila", "provider_name": "C\u00e2mara Municipal de Embu-Gua\u00e7u", "type": "rich"}