{"provider_url": "https://www.embuguacu.sp.leg.br", "title": "EXPEDIENTE 41\u00aa SESS\u00c3O ORDIN\u00c1RIA", "html": "<p><strong>Ata da Sess\u00e3o Anterior</strong></p>\r\n<p><a title=\"\" href=\"https://www.embuguacu.sp.leg.br/institucional/noticias/140Ord.pdf\" class=\"internal-link\" target=\"_blank\"><strong></strong><strong><img alt=\"\" class=\"image-inline\" src=\"../../imagens/iconepdf.jpg/@@images/a4d976db-5803-47f0-b0c9-9de331e3cbe2.jpeg\" title=\"\" />\u00a01\u00a0</strong>- ATA da 40\u00aa Sess\u00e3o Ordin\u00e1ria</a></p>\r\n<p><strong>Recebidos pelo Prefeito:</strong></p>\r\n<p><a title=\"\" href=\"https://www.embuguacu.sp.leg.br/institucional/noticias/2Leis3041a3043.pdf\" class=\"internal-link\" target=\"_blank\"><img alt=\"\" class=\"image-inline\" src=\"../../imagens/iconepdf.jpg/@@images/a4d976db-5803-47f0-b0c9-9de331e3cbe2.jpeg\" title=\"\" />\u00a02 - Lei n\u00b0 3041 a 3043 de 2021</a></p>\r\n<p><a title=\"\" href=\"https://www.embuguacu.sp.leg.br/institucional/noticias/copy_of_2BalanceteOutubro.pdf\" class=\"internal-link\" target=\"_blank\"><img alt=\"\" class=\"image-inline\" src=\"../../imagens/iconepdf.jpg/@@images/a4d976db-5803-47f0-b0c9-9de331e3cbe2.jpeg\" title=\"\" />\u00a02 - Balancetes Outubro</a></p>\r\n<p><a title=\"\" href=\"https://www.embuguacu.sp.leg.br/institucional/noticias/2Decreto3164Executivo.pdf\" class=\"internal-link\" target=\"_blank\"><img alt=\"\" class=\"image-inline\" src=\"../../imagens/iconepdf.jpg/@@images/a4d976db-5803-47f0-b0c9-9de331e3cbe2.jpeg\" title=\"\" />\u00a02 -\u00a0Decreto 3.164\u00a02021-Exec</a></p>\r\n<p><a title=\"\" href=\"https://www.embuguacu.sp.leg.br/institucional/noticias/2Portaria389Executivo.pdf\" class=\"internal-link\" target=\"_blank\"><img alt=\"\" class=\"image-inline\" src=\"../../imagens/iconepdf.jpg/@@images/a4d976db-5803-47f0-b0c9-9de331e3cbe2.jpeg\" title=\"\" />\u00a02 - Por 389 2021-Exec</a></p>\r\n<p><strong>Mat\u00e9rias apresentada pelo Prefeito:</strong></p>\r\n<p><a title=\"\" href=\"https://www.embuguacu.sp.leg.br/institucional/noticias/copy_of_2.1PL0342021Executivo.pdf\" class=\"internal-link\" target=\"_blank\"><img alt=\"\" class=\"image-inline\" src=\"../../imagens/iconepdf.jpg/@@images/a4d976db-5803-47f0-b0c9-9de331e3cbe2.jpeg\" title=\"\" />\u00a02.1 - PL\u00a0034-2021 Exec</a></p>\r\n<p><strong>Mat\u00e9rias apresentadas pelos Vereadores:</strong></p>\r\n<p><a title=\"\" href=\"https://www.embuguacu.sp.leg.br/institucional/noticias/copy_of_3PL0552021.pdf\" class=\"internal-link\" target=\"_blank\"><img alt=\"\" class=\"image-inline\" src=\"../../imagens/iconepdf.jpg/@@images/a4d976db-5803-47f0-b0c9-9de331e3cbe2.jpeg\" title=\"\" />\u00a03 - PL\u00a0055-2021 Lucas Da Sa\u00fade</a></p>\r\n<p><a title=\"\" href=\"https://www.embuguacu.sp.leg.br/institucional/noticias/copy_of_4PL0562021.pdf\" class=\"internal-link\" target=\"_blank\"><img alt=\"\" class=\"image-inline\" src=\"../../imagens/iconepdf.jpg/@@images/a4d976db-5803-47f0-b0c9-9de331e3cbe2.jpeg\" title=\"\" />\u00a04 -\u00a0PL\u00a0056-2021 Lucas Da Sa\u00fade\u00a0e Jo\u00e3ozinho do Cavalo</a><a title=\"\" href=\"https://www.embuguacu.sp.leg.br/institucional/noticias/4PL0542021.pdf\" class=\"internal-link\" target=\"_blank\"></a></p>\r\n<p><a title=\"\" href=\"https://www.embuguacu.sp.leg.br/institucional/noticias/5MC0422021.pdf\" class=\"internal-link\" target=\"_blank\"><img alt=\"\" class=\"image-inline\" src=\"../../imagens/iconepdf.jpg/@@images/a4d976db-5803-47f0-b0c9-9de331e3cbe2.jpeg\" title=\"\" />\u00a05 - MC 042-2021\u00a0Engenheiro Barros</a></p>\r\n<p><span>\u00a0</span><strong>Mat\u00e9rias que n\u00e3o requerem Vota\u00e7\u00e3o</strong></p>\r\n<p><a title=\"\" href=\"https://www.embuguacu.sp.leg.br/institucional/noticias/copy_of_6EXP0412021.pdf\" class=\"internal-link\" target=\"_blank\"><img alt=\"\" class=\"image-inline\" src=\"../../imagens/iconepdf.jpg/@@images/a4d976db-5803-47f0-b0c9-9de331e3cbe2.jpeg\" title=\"\" />\u00a06 - EXP0412021</a></p>\r\n<p><strong>Expediente da Presid\u00eancia\u00a0</strong></p>\r\n<p><a title=\"\" href=\"https://www.embuguacu.sp.leg.br/institucional/noticias/7EXPP0412021.pdf\" class=\"internal-link\" target=\"_blank\"><img alt=\"\" class=\"image-inline\" src=\"../../imagens/iconepdf.jpg/@@images/a4d976db-5803-47f0-b0c9-9de331e3cbe2.jpeg\" title=\"\" />\u00a07 - EXPP0412021</a></p>\r\n<p>\u00a0</p>\r\n<pre class=\"tm6\"><span class=\"tm6\">Fonte: CMEG</span></pre>", "author_name": "", "version": "1.0", "author_url": "https://www.embuguacu.sp.leg.br/author/adm", "provider_name": "C\u00e2mara Municipal de Embu-Gua\u00e7u", "type": "rich"}