{"provider_url": "https://www.embuguacu.sp.leg.br", "title": "EXPEDIENTE 39\u00aa SESS\u00c3O ORDIN\u00c1RIA", "html": "<p><strong>Ata da Sess\u00e3o Anterior</strong></p>\r\n<p><a title=\"\" href=\"https://www.embuguacu.sp.leg.br/institucional/noticias/138Ord.pdf\" class=\"internal-link\" target=\"_blank\"><strong></strong><strong><img alt=\"\" class=\"image-inline\" src=\"../../imagens/iconepdf.jpg/@@images/a4d976db-5803-47f0-b0c9-9de331e3cbe2.jpeg\" title=\"\" />\u00a01\u00a0</strong>- ATA da 38\u00aa Sess\u00e3o Ordin\u00e1ria</a></p>\r\n<p><strong>Recebidos pelo Prefeito:</strong></p>\r\n<p><a title=\"\" href=\"https://www.embuguacu.sp.leg.br/institucional/noticias/2Of114_RespotaLei2.973.pdf\" class=\"internal-link\" target=\"_blank\"><img alt=\"\" class=\"image-inline\" src=\"../../imagens/iconepdf.jpg/@@images/a4d976db-5803-47f0-b0c9-9de331e3cbe2.jpeg\" title=\"\" />\u00a02 - Of 114_Respota Lei 2.973</a></p>\r\n<p><a title=\"\" href=\"https://www.embuguacu.sp.leg.br/institucional/noticias/2Por3782021Exec.pdf\" class=\"internal-link\" target=\"_blank\"><img alt=\"\" class=\"image-inline\" src=\"../../imagens/iconepdf.jpg/@@images/a4d976db-5803-47f0-b0c9-9de331e3cbe2.jpeg\" title=\"\" />\u00a0<span>2 - Por 378 2021-Exec</span></a></p>\r\n<p><strong>Mat\u00e9rias apresentada pelo Prefeito:</strong></p>\r\n<p><a title=\"\" href=\"https://www.embuguacu.sp.leg.br/institucional/noticias/PELO0012021Exec.pdf\" class=\"internal-link\" target=\"_blank\"><img alt=\"\" class=\"image-inline\" src=\"../../imagens/iconepdf.jpg/@@images/a4d976db-5803-47f0-b0c9-9de331e3cbe2.jpeg\" title=\"\" />\u00a03\u00a0- PELO 0012021- Exec</a></p>\r\n<p><strong><span>Comiss\u00e3o de Constitui\u00e7\u00e3o, Justi\u00e7a e Reda\u00e7\u00e3o</span>:</strong></p>\r\n<p><a title=\"\" href=\"https://www.embuguacu.sp.leg.br/institucional/noticias/3RejeioDEPROJETOS.pdf\" class=\"internal-link\" target=\"_blank\"><img alt=\"\" class=\"image-inline\" src=\"../../imagens/iconepdf.jpg/@@images/a4d976db-5803-47f0-b0c9-9de331e3cbe2.jpeg\" title=\"\" />\u00a0Rejei\u00e7\u00e3o de Projetos</a></p>\r\n<p><a title=\"\" href=\"https://www.embuguacu.sp.leg.br/institucional/noticias/3_1APROVAODEPROJETOS.pdf\" class=\"internal-link\" target=\"_blank\"><img alt=\"\" class=\"image-inline\" src=\"../../imagens/iconepdf.jpg/@@images/a4d976db-5803-47f0-b0c9-9de331e3cbe2.jpeg\" title=\"\" />\u00a0Aprova\u00e7\u00e3o\u00a0<span>\u00a0de Projetos</span></a></p>\r\n<p>\u00a0<strong>Mat\u00e9rias apresentadas pelos Vereadores:</strong></p>\r\n<p><a title=\"\" href=\"https://www.embuguacu.sp.leg.br/institucional/noticias/4PL0542021.pdf\" class=\"internal-link\" target=\"_blank\"><img alt=\"\" class=\"image-inline\" src=\"../../imagens/iconepdf.jpg/@@images/a4d976db-5803-47f0-b0c9-9de331e3cbe2.jpeg\" title=\"\" />\u00a04 - PL 054-2021\u00a0Clebinho Jogador</a></p>\r\n<p><a title=\"\" href=\"https://www.embuguacu.sp.leg.br/institucional/noticias/5MC0392021.pdf\" class=\"internal-link\" target=\"_blank\"><img alt=\"\" class=\"image-inline\" src=\"../../imagens/iconepdf.jpg/@@images/a4d976db-5803-47f0-b0c9-9de331e3cbe2.jpeg\" title=\"\" />\u00a05 - MC 039-2021\u00a0Joaquim da Aposentadoria</a></p>\r\n<p><a title=\"\" href=\"https://www.embuguacu.sp.leg.br/institucional/noticias/6REQ3562021.pdf\" class=\"internal-link\" target=\"_blank\"><img alt=\"\" class=\"image-inline\" src=\"../../imagens/iconepdf.jpg/@@images/a4d976db-5803-47f0-b0c9-9de331e3cbe2.jpeg\" title=\"\" />\u00a06 - REQ 356-2021\u00a0Prof. Carlos Shyton</a></p>\r\n<p><span>\u00a0</span><strong>Mat\u00e9rias que n\u00e3o requerem Vota\u00e7\u00e3o</strong></p>\r\n<p><a title=\"\" href=\"https://www.embuguacu.sp.leg.br/institucional/noticias/7EXPG0392021.pdf\" class=\"internal-link\" target=\"_blank\"><img alt=\"\" class=\"image-inline\" src=\"../../imagens/iconepdf.jpg/@@images/a4d976db-5803-47f0-b0c9-9de331e3cbe2.jpeg\" title=\"\" />\u00a07 - EXPG0392021</a></p>\r\n<p><strong>Expediente da Presid\u00eancia\u00a0</strong></p>\r\n<p><a title=\"\" href=\"https://www.embuguacu.sp.leg.br/institucional/noticias/8EXPP0392021.pdf\" class=\"internal-link\" target=\"_blank\"><img alt=\"\" class=\"image-inline\" src=\"../../imagens/iconepdf.jpg/@@images/a4d976db-5803-47f0-b0c9-9de331e3cbe2.jpeg\" title=\"\" />\u00a08 - EXPP0392021</a></p>\r\n<p>\u00a0</p>\r\n<pre class=\"tm6\"><span class=\"tm6\">Fonte: CMEG</span></pre>", "author_name": "", "version": "1.0", "author_url": "https://www.embuguacu.sp.leg.br/author/adm", "provider_name": "C\u00e2mara Municipal de Embu-Gua\u00e7u", "type": "rich"}