{"provider_url": "https://www.embuguacu.sp.leg.br", "title": "EXPEDIENTE 35\u00aa SESS\u00c3O ORDIN\u00c1RIA", "html": "<p><strong>Ata\u00a0da Sess\u00e3o Anterior</strong></p>\r\n<p><a title=\"\" href=\"https://www.embuguacu.sp.leg.br/institucional/noticias/34Ord.pdf\" class=\"internal-link\" target=\"_blank\"><strong><img alt=\"\" class=\"image-inline\" src=\"../../imagens/iconepdf.jpg/@@images/a4d976db-5803-47f0-b0c9-9de331e3cbe2.jpeg\" title=\"\" /></strong>\u00a01 - ATA da 34\u00aa Sess\u00e3o Ordin\u00e1ria\u00a0de 2022</a></p>\r\n<p><strong>Recebidos pelo Prefeito:</strong></p>\r\n<p><a title=\"\" href=\"https://www.embuguacu.sp.leg.br/institucional/noticias/2Ofcion1052022ADCOVID.pdf\" class=\"internal-link\" target=\"_blank\"><em><img alt=\"\" class=\"image-inline\" src=\"../../imagens/iconepdf.jpg/@@images/a4d976db-5803-47f0-b0c9-9de331e3cbe2.jpeg\" title=\"\" /></em>\u00a02 - Of\u00edcio n\u00ba 105-2022-AD COVID</a></p>\r\n<p><a title=\"\" href=\"https://www.embuguacu.sp.leg.br/institucional/noticias/2Ofcion2022022SMERespostaaIndicaon7192022.pdf\" class=\"internal-link\" target=\"_blank\"><img alt=\"\" class=\"image-inline\" src=\"../../imagens/iconepdf.jpg/@@images/a4d976db-5803-47f0-b0c9-9de331e3cbe2.jpeg\" title=\"\" />\u00a02 - Of\u00edcio n\u00ba 202-2022-SME Resposta a Indica\u00e7\u00e3o n\u00ba 719-2022</a></p>\r\n<p><a title=\"\" href=\"https://www.embuguacu.sp.leg.br/institucional/noticias/2Ofcion25322022SCref.DecretosFinanceirosAgosto2022.pdf\" class=\"internal-link\" target=\"_blank\"><img alt=\"\" class=\"image-inline\" src=\"../../imagens/iconepdf.jpg/@@images/a4d976db-5803-47f0-b0c9-9de331e3cbe2.jpeg\" title=\"\" />\u00a02 - Of\u00edcio n\u00ba 2532-2022-SC ref. Decretos Financeiros - Agosto 2022</a></p>\r\n<p><a title=\"\" href=\"https://www.embuguacu.sp.leg.br/institucional/noticias/2Ofcion25332022SCref.BalancetesFinanceirosAgosto2022.pdf\" class=\"internal-link\" target=\"_blank\"><img alt=\"\" class=\"image-inline\" src=\"../../imagens/iconepdf.jpg/@@images/a4d976db-5803-47f0-b0c9-9de331e3cbe2.jpeg\" title=\"\" />\u00a02 - Of\u00edcio n\u00ba 2533-2022-SC ref. Balancetes Financeiros - Agosto 2022</a></p>\r\n<p><a title=\"\" href=\"https://www.embuguacu.sp.leg.br/institucional/noticias/2Portariasno362e3682022.pdf\" class=\"internal-link\" target=\"_self\"><img alt=\"\" class=\"image-inline\" src=\"../../imagens/iconepdf.jpg/@@images/a4d976db-5803-47f0-b0c9-9de331e3cbe2.jpeg\" title=\"\" />\u00a02 - Portarias n\u00ba 362 e 368-2022</a></p>\r\n<p><strong>Mat\u00e9rias que n\u00e3o requerem Vota\u00e7\u00e3o</strong></p>\r\n<p><a title=\"\" href=\"https://www.embuguacu.sp.leg.br/institucional/noticias/EXP0352022.pdf\" class=\"internal-link\" target=\"_blank\">\u00a0<img alt=\"\" class=\"image-inline\" src=\"../../imagens/iconepdf.jpg/@@images/a4d976db-5803-47f0-b0c9-9de331e3cbe2.jpeg\" title=\"\" />\u00a0EXP0352022</a></p>\r\n<p><strong>Expediente da Presid\u00eancia</strong></p>\r\n<p><a title=\"\" href=\"https://www.embuguacu.sp.leg.br/institucional/noticias/EXPP0352022.pdf\" class=\"internal-link\" target=\"_blank\"><img alt=\"\" class=\"image-inline\" src=\"../../imagens/iconepdf.jpg/@@images/a4d976db-5803-47f0-b0c9-9de331e3cbe2.jpeg\" title=\"\" />\u00a0EXPP0352022</a></p>", "author_name": "", "version": "1.0", "author_url": "https://www.embuguacu.sp.leg.br/author/camila", "provider_name": "C\u00e2mara Municipal de Embu-Gua\u00e7u", "type": "rich"}