{"provider_url": "https://www.embuguacu.sp.leg.br", "title": "EXPEDIENTE 23\u00aa SESS\u00c3O ORDIN\u00c1RIA", "html": "<p><strong>Ata\u00a0da Sess\u00e3o Anterior</strong></p>\r\n<p><a title=\"\" href=\"https://www.embuguacu.sp.leg.br/institucional/noticias/1Ata_22Ord.pdf\" class=\"internal-link\" target=\"_blank\"><strong><img alt=\"\" class=\"image-inline\" src=\"../../imagens/iconepdf.jpg/@@images/a4d976db-5803-47f0-b0c9-9de331e3cbe2.jpeg\" title=\"\" /></strong>\u00a01 - ATA da 22\u00aa Sess\u00e3o Ordin\u00e1ria\u00a0de 2023</a></p>\r\n<p><strong>Expediente recebido do Prefeito:</strong></p>\r\n<p><a title=\"\" href=\"https://www.embuguacu.sp.leg.br/institucional/noticias/copy27_of_2ExpedienterecebidodoPrefeito.pdf\" class=\"internal-link\" target=\"_blank\"><em><img alt=\"\" class=\"image-inline\" src=\"../../imagens/iconepdf.jpg/@@images/a4d976db-5803-47f0-b0c9-9de331e3cbe2.jpeg\" title=\"\" /></em>\u00a02 -\u00a0Expediente recebido do Prefeito</a></p>\r\n<p><strong>Expediente apresentado pelos Vereadores:</strong></p>\r\n<p><a title=\"\" href=\"https://www.embuguacu.sp.leg.br/institucional/noticias/EXP0232023.pdf\" class=\"internal-link\" target=\"_blank\"><img alt=\"\" class=\"image-inline\" src=\"../../imagens/iconepdf.jpg/@@images/a4d976db-5803-47f0-b0c9-9de331e3cbe2.jpeg\" title=\"\" />\u00a03 -\u00a0Expediente apresentado pelos Vereadores</a></p>\r\n<p>\u00a0<strong>Expediente da Presid\u00eancia:</strong></p>\r\n<p><a title=\"\" href=\"https://www.embuguacu.sp.leg.br/institucional/noticias/INFORMATIVO.pdf\" class=\"internal-link\" target=\"_blank\"><img alt=\"\" class=\"image-inline\" src=\"../../imagens/iconepdf.jpg/@@images/a4d976db-5803-47f0-b0c9-9de331e3cbe2.jpeg\" title=\"\" />\u00a04 -\u00a0Informativo</a></p>\r\n<p><a title=\"\" href=\"https://www.embuguacu.sp.leg.br/institucional/noticias/EXPP0232023.pdf\" class=\"internal-link\" target=\"_blank\"><img alt=\"\" class=\"image-inline\" src=\"../../imagens/iconepdf.jpg/@@images/a4d976db-5803-47f0-b0c9-9de331e3cbe2.jpeg\" title=\"\" />\u00a05 -\u00a0Expediente da Presid\u00eancia</a></p>\r\n<p>\u00a0</p>\r\n<p><strong><em><a class=\"external-link\" href=\"https://sapl.embuguacu.sp.leg.br/sessao/pauta-sessao/126/\" target=\"_blank\" title=\"\">Clique aqui\u00a0</a>e acesse na\u00a0 integra as mat\u00e9rias apresentadas pelo Chefe do Poder Executivo e Vereadores, no Sistema de Apoio ao Processo Legislativo - SAPL da C\u00e2mara Municipal de Embu-Gua\u00e7u.</em></strong></p>\r\n<div class=\"_1mf _1mj\">\r\n<pre>Fonte: CMEG</pre>\r\n</div>\r\n<p><strong><em><br /></em></strong></p>", "author_name": "", "version": "1.0", "author_url": "https://www.embuguacu.sp.leg.br/author/adm", "provider_name": "C\u00e2mara Municipal de Embu-Gua\u00e7u", "type": "rich"}