{"provider_url": "https://www.embuguacu.sp.leg.br", "title": "EXPEDIENTE 20\u00aa SESS\u00c3O ORDIN\u00c1RIA", "html": "<p><strong>Ata\u00a0da Sess\u00e3o Anterior</strong></p>\r\n<p><a title=\"\" href=\"https://www.embuguacu.sp.leg.br/institucional/noticias/19Ord.pdf\" class=\"internal-link\" target=\"_blank\"><strong><img alt=\"\" class=\"image-inline\" src=\"../../imagens/iconepdf.jpg/@@images/a4d976db-5803-47f0-b0c9-9de331e3cbe2.jpeg\" title=\"\" /></strong>\u00a01 - ATA da 19\u00aa Sess\u00e3o Ordin\u00e1ria\u00a0de 2022</a></p>\r\n<p><strong>Recebidos pelo Prefeito:</strong></p>\r\n<p><a title=\"\" href=\"https://www.embuguacu.sp.leg.br/institucional/noticias/2Decretosn3.194a3.1982022.pdf\" class=\"internal-link\" target=\"_blank\"><em><img alt=\"\" class=\"image-inline\" src=\"../../imagens/iconepdf.jpg/@@images/a4d976db-5803-47f0-b0c9-9de331e3cbe2.jpeg\" title=\"\" />\u00a0</em>2 - Decretos n\u00ba 3.194 a 3.198-2022</a></p>\r\n<p><a title=\"\" href=\"https://www.embuguacu.sp.leg.br/institucional/noticias/2Ofcion712022COVID.pdf\" class=\"internal-link\" target=\"_blank\"><img alt=\"\" class=\"image-inline\" src=\"../../imagens/iconepdf.jpg/@@images/a4d976db-5803-47f0-b0c9-9de331e3cbe2.jpeg\" title=\"\" />\u00a02 - Of\u00edcio n\u00ba 71-2022 COVID</a></p>\r\n<p><a title=\"\" href=\"https://www.embuguacu.sp.leg.br/institucional/noticias/2Portariasden2252292022.pdf\" class=\"internal-link\" target=\"_blank\"><img alt=\"\" class=\"image-inline\" src=\"../../imagens/iconepdf.jpg/@@images/a4d976db-5803-47f0-b0c9-9de331e3cbe2.jpeg\" title=\"\" />\u00a02 - Portarias de n\u00ba 225 \u00e0 229-2022</a></p>\r\n<p><a title=\"\" href=\"https://www.embuguacu.sp.leg.br/institucional/noticias/2Of.1482022SMERespostaInd.4982022.pdf\" class=\"internal-link\" target=\"_blank\"><img alt=\"\" class=\"image-inline\" src=\"../../imagens/iconepdf.jpg/@@images/a4d976db-5803-47f0-b0c9-9de331e3cbe2.jpeg\" title=\"\" />\u00a02 -Of. 148-2022-SME - Resposta \u00e0 Ind. 498-2022</a></p>\r\n<p><a title=\"\" href=\"https://www.embuguacu.sp.leg.br/institucional/noticias/2PLC0052022EXEC.pdf\" class=\"internal-link\" target=\"_blank\"><img alt=\"\" class=\"image-inline\" src=\"../../imagens/iconepdf.jpg/@@images/a4d976db-5803-47f0-b0c9-9de331e3cbe2.jpeg\" title=\"\" />\u00a02 - PLC 0052022 EXEC</a></p>\r\n<p><a title=\"\" href=\"https://www.embuguacu.sp.leg.br/institucional/noticias/2PL0182022EXEC.pdf\" class=\"internal-link\" target=\"_blank\"><img alt=\"\" class=\"image-inline\" src=\"../../imagens/iconepdf.jpg/@@images/a4d976db-5803-47f0-b0c9-9de331e3cbe2.jpeg\" title=\"\" />\u00a02 -PL 0182022 EXEC</a></p>\r\n<p><strong>Mat\u00e9rias apresentadas pelos Vereadores:</strong></p>\r\n<p><a title=\"\" href=\"https://www.embuguacu.sp.leg.br/institucional/noticias/3APROVAODEPROJETO.pdf\" class=\"internal-link\" target=\"_blank\"><img alt=\"\" class=\"image-inline\" src=\"../../imagens/iconepdf.jpg/@@images/a4d976db-5803-47f0-b0c9-9de331e3cbe2.jpeg\" title=\"\" />\u00a03 - APROVA\u00c7\u00c3O\u00a0 DE PROJETO</a></p>\r\n<p><a title=\"\" href=\"https://www.embuguacu.sp.leg.br/institucional/noticias/4PR0082022.pdf\" class=\"internal-link\" target=\"_blank\"><img alt=\"\" class=\"image-inline\" src=\"../../imagens/iconepdf.jpg/@@images/a4d976db-5803-47f0-b0c9-9de331e3cbe2.jpeg\" title=\"\" />\u00a04 - PR 0082022</a></p>\r\n<p><a title=\"\" href=\"https://www.embuguacu.sp.leg.br/institucional/noticias/5PL0572022.pdf\" class=\"internal-link\" target=\"_blank\"><img alt=\"\" class=\"image-inline\" src=\"../../imagens/iconepdf.jpg/@@images/a4d976db-5803-47f0-b0c9-9de331e3cbe2.jpeg\" title=\"\" />\u00a05 - PL 0572022</a></p>\r\n<p><a title=\"\" href=\"https://www.embuguacu.sp.leg.br/institucional/noticias/copy_of_6PL0582022.pdf\" class=\"internal-link\" target=\"_blank\"><img alt=\"\" class=\"image-inline\" src=\"../../imagens/iconepdf.jpg/@@images/a4d976db-5803-47f0-b0c9-9de331e3cbe2.jpeg\" title=\"\" />\u00a06 - PL 0582022</a></p>\r\n<p><a title=\"\" href=\"https://www.embuguacu.sp.leg.br/institucional/noticias/7PL0592022.pdf\" class=\"internal-link\" target=\"_blank\"><img alt=\"\" class=\"image-inline\" src=\"../../imagens/iconepdf.jpg/@@images/a4d976db-5803-47f0-b0c9-9de331e3cbe2.jpeg\" title=\"\" />\u00a07 - PL 0592022</a></p>\r\n<p><a title=\"\" href=\"https://www.embuguacu.sp.leg.br/institucional/noticias/8REQ1762022.pdf\" class=\"internal-link\" target=\"_blank\"><img alt=\"\" class=\"image-inline\" src=\"../../imagens/iconepdf.jpg/@@images/a4d976db-5803-47f0-b0c9-9de331e3cbe2.jpeg\" title=\"\" />\u00a08 - REQ 1762022</a></p>\r\n<p><strong>Mat\u00e9rias que n\u00e3o requerem Vota\u00e7\u00e3o</strong></p>\r\n<p><a title=\"\" href=\"https://www.embuguacu.sp.leg.br/institucional/noticias/EXP0202022.pdf\" class=\"internal-link\" target=\"_blank\">\u00a0<img alt=\"\" class=\"image-inline\" src=\"../../imagens/iconepdf.jpg/@@images/a4d976db-5803-47f0-b0c9-9de331e3cbe2.jpeg\" title=\"\" />\u00a0EXP-202022</a></p>\r\n<p><strong>Experiente da Presid\u00eancia</strong></p>\r\n<p><a title=\"\" href=\"https://www.embuguacu.sp.leg.br/institucional/noticias/EXPP0202022.pdf\" class=\"internal-link\" target=\"_blank\">\u00a0<img alt=\"\" class=\"image-inline\" src=\"../../imagens/iconepdf.jpg/@@images/a4d976db-5803-47f0-b0c9-9de331e3cbe2.jpeg\" title=\"\" />\u00a0EXPP-202022</a></p>\r\n<p><strong>Tribuna Livre</strong></p>\r\n<p><a title=\"\" href=\"https://www.embuguacu.sp.leg.br/institucional/noticias/copy2_of_TribunaLivreI.pdf\" class=\"internal-link\" target=\"_blank\">\u00a0<img alt=\"\" class=\"image-inline\" src=\"../../imagens/iconepdf.jpg/@@images/a4d976db-5803-47f0-b0c9-9de331e3cbe2.jpeg\" title=\"\" />\u00a0Tribuna Livre I</a></p>", "author_name": "", "version": "1.0", "author_url": "https://www.embuguacu.sp.leg.br/author/camila", "provider_name": "C\u00e2mara Municipal de Embu-Gua\u00e7u", "type": "rich"}