{"provider_url": "https://www.embuguacu.sp.leg.br", "title": "EXPEDIENTE 18\u00aa SESS\u00c3O ORDIN\u00c1RIA", "html": "<p><strong>Ata da Sess\u00e3o anterior:</strong></p>\r\n<p><a title=\"\" href=\"https://www.embuguacu.sp.leg.br/institucional/noticias/copy2_of_17Ord.pdf\" class=\"internal-link\" target=\"_self\"><img alt=\"\" class=\"image-inline\" src=\"../../imagens/iconepdf.jpg/@@images/a4d976db-5803-47f0-b0c9-9de331e3cbe2.jpeg\" title=\"\" />\u00a0 1 - ATA da 17\u00aa Sess\u00e3o Ordin\u00e1ria</a></p>\r\n<p><strong>Expediente recebido do Prefeito:</strong></p>\r\n<p><a title=\"\" href=\"https://www.embuguacu.sp.leg.br/institucional/noticias/2OF691DecretosFinanceirosAbril.pdf\" class=\"internal-link\" target=\"_blank\"><img alt=\"\" class=\"image-inline\" src=\"../../imagens/iconepdf.jpg/@@images/a4d976db-5803-47f0-b0c9-9de331e3cbe2.jpeg\" title=\"\" />\u00a02 - OF 691 - Decretos Financeiros Abril\u00a0</a></p>\r\n<p><a title=\"\" href=\"https://www.embuguacu.sp.leg.br/institucional/noticias/2Of0692BalanceteAbril2021.pdf\" class=\"internal-link\" target=\"_blank\"><img alt=\"\" class=\"image-inline\" src=\"../../imagens/iconepdf.jpg/@@images/a4d976db-5803-47f0-b0c9-9de331e3cbe2.jpeg\" title=\"\" /></a><span><a title=\"\" href=\"https://www.embuguacu.sp.leg.br/institucional/noticias/2Of0692BalanceteAbril2021.pdf\" class=\"internal-link\" target=\"_blank\">\u00a02 - OF 0692 - Balancete Abril 2021</a></span></p>\r\n<p><strong>Expediente apresentado pelo vereador:</strong></p>\r\n<p><a title=\"\" href=\"https://www.embuguacu.sp.leg.br/institucional/noticias/3PL0232021.pdf\" class=\"internal-link\" target=\"_blank\"><img alt=\"\" class=\"image-inline\" src=\"../../imagens/iconepdf.jpg/@@images/a4d976db-5803-47f0-b0c9-9de331e3cbe2.jpeg\" title=\"\" />\u00a03 - PL 023-2021</a></p>\r\n<p><a title=\"\" href=\"https://www.embuguacu.sp.leg.br/institucional/noticias/4PDL0022021.pdf\" class=\"internal-link\" target=\"_blank\"><img alt=\"\" class=\"image-inline\" src=\"../../imagens/iconepdf.jpg/@@images/a4d976db-5803-47f0-b0c9-9de331e3cbe2.jpeg\" title=\"\" />\u00a04 - PDL 002-2021</a></p>\r\n<p><a title=\"\" href=\"https://www.embuguacu.sp.leg.br/institucional/noticias/copy_of_5Emenda0072021.pdf\" class=\"internal-link\" target=\"_blank\"><img alt=\"\" class=\"image-inline\" src=\"../../imagens/iconepdf.jpg/@@images/a4d976db-5803-47f0-b0c9-9de331e3cbe2.jpeg\" title=\"\" />\u00a05 - Emenda 007-2021</a></p>\r\n<p><a title=\"\" href=\"https://www.embuguacu.sp.leg.br/institucional/noticias/EXP0182020.pdf\" class=\"internal-link\" target=\"_blank\"><img alt=\"\" class=\"image-inline\" src=\"../../imagens/iconepdf.jpg/@@images/a4d976db-5803-47f0-b0c9-9de331e3cbe2.jpeg\" title=\"\" /><span>\u00a06 -\u00a0Expediente Geral</span></a></p>\r\n<p><span><strong>Expediente da Presid\u00eancia:</strong></span></p>\r\n<p><span><a title=\"\" href=\"https://www.embuguacu.sp.leg.br/institucional/noticias/copy_of_ExpedientedaPresidencia14.pdf\" class=\"internal-link\" target=\"_blank\"><img alt=\"\" class=\"image-inline\" src=\"../../imagens/iconepdf.jpg/@@images/a4d976db-5803-47f0-b0c9-9de331e3cbe2.jpeg\" title=\"\" /><span>\u00a07 -\u00a0Expediente da Presid\u00eancia</span></a></span></p>\r\n<pre><span>Fonte: CMEG</span></pre>", "author_name": "vania", "version": "1.0", "author_url": "https://www.embuguacu.sp.leg.br/author/vania", "provider_name": "C\u00e2mara Municipal de Embu-Gua\u00e7u", "type": "rich"}