{"provider_url": "https://www.embuguacu.sp.leg.br", "title": "EXPEDIENTE 15\u00aa SESS\u00c3O ORDIN\u00c1RIA", "html": "<p><strong>Ata da Sess\u00e3o anterior:</strong></p>\r\n<p><a title=\"\" href=\"https://www.embuguacu.sp.leg.br/institucional/noticias/114Ord.pdf\" class=\"internal-link\" target=\"_blank\"><img alt=\"\" class=\"image-inline\" src=\"../../imagens/iconepdf.jpg/@@images/a4d976db-5803-47f0-b0c9-9de331e3cbe2.jpeg\" title=\"\" />\u00a0 1 - ATA da 14\u00aa Sess\u00e3o Ordin\u00e1ria</a></p>\r\n<p><strong>Expediente recebido do Prefeito:</strong></p>\r\n<p><a title=\"\" href=\"https://www.embuguacu.sp.leg.br/institucional/noticias/2Decreto3142executivo.pdf\" class=\"internal-link\" target=\"_blank\"><img alt=\"\" class=\"image-inline\" src=\"../../imagens/iconepdf.jpg/@@images/a4d976db-5803-47f0-b0c9-9de331e3cbe2.jpeg\" title=\"\" /><span>\u00a02 - Decreto 3142 executivo</span></a></p>\r\n<p><span><a title=\"\" href=\"https://www.embuguacu.sp.leg.br/institucional/noticias/2Decreto3143Executivo.pdf\" class=\"internal-link\" target=\"_blank\"><img alt=\"\" class=\"image-inline\" src=\"../../imagens/iconepdf.jpg/@@images/a4d976db-5803-47f0-b0c9-9de331e3cbe2.jpeg\" title=\"\" />\u00a02 - Decreto 3143 Executivo</a></span></p>\r\n<p><span><a title=\"\" href=\"https://www.embuguacu.sp.leg.br/institucional/noticias/2Decreto3144Executivo.pdf\" class=\"internal-link\" target=\"_blank\"><img alt=\"\" class=\"image-inline\" src=\"../../imagens/iconepdf.jpg/@@images/a4d976db-5803-47f0-b0c9-9de331e3cbe2.jpeg\" title=\"\" />\u00a02 - Decreto 3144 Executivo</a></span></p>\r\n<p><span><a title=\"\" href=\"https://www.embuguacu.sp.leg.br/institucional/noticias/2Lei3016.pdf\" class=\"internal-link\" target=\"_blank\"><img alt=\"\" class=\"image-inline\" src=\"../../imagens/iconepdf.jpg/@@images/a4d976db-5803-47f0-b0c9-9de331e3cbe2.jpeg\" title=\"\" />\u00a02 - Lei 3016</a></span></p>\r\n<p><span><a title=\"\" href=\"https://www.embuguacu.sp.leg.br/institucional/noticias/2Portaria243a247Executivo.pdf\" class=\"internal-link\" target=\"_blank\"><img alt=\"\" class=\"image-inline\" src=\"../../imagens/iconepdf.jpg/@@images/a4d976db-5803-47f0-b0c9-9de331e3cbe2.jpeg\" title=\"\" />\u00a02 - Portaria 243 a 247 Executivo</a></span></p>\r\n<p><span><a title=\"\" href=\"https://www.embuguacu.sp.leg.br/institucional/noticias/2ProjetodeLein00820211.pdf\" class=\"internal-link\" target=\"_blank\"><img alt=\"\" class=\"image-inline\" src=\"../../imagens/iconepdf.jpg/@@images/a4d976db-5803-47f0-b0c9-9de331e3cbe2.jpeg\" title=\"\" /><span>\u00a0\u00a02 - Projeto de Lei n\u00ba 008-2021</span></a></span></p>\r\n<p><span><span><a title=\"\" href=\"https://www.embuguacu.sp.leg.br/institucional/noticias/2RespostaaoPL0092021.pdf\" class=\"internal-link\" target=\"_blank\"><img alt=\"\" class=\"image-inline\" src=\"../../imagens/iconepdf.jpg/@@images/a4d976db-5803-47f0-b0c9-9de331e3cbe2.jpeg\" title=\"\" /><span>\u00a0\u00a0</span>2 - Resposta ao PL 009-2021</a></span></span></p>\r\n<p><strong><span>Expediente recebido de diversos:</span></strong></p>\r\n<p><a title=\"\" href=\"https://www.embuguacu.sp.leg.br/institucional/noticias/3CPIQuarteirizao245circularPresCamara.pdf\" class=\"internal-link\" target=\"_blank\"><img alt=\"\" class=\"image-inline\" src=\"../../imagens/iconepdf.jpg/@@images/a4d976db-5803-47f0-b0c9-9de331e3cbe2.jpeg\" title=\"\" />\u00a0</a><span><a title=\"\" href=\"https://www.embuguacu.sp.leg.br/institucional/noticias/3CPIQuarteirizao245circularPresCamara.pdf\" class=\"internal-link\" target=\"_blank\">\u00a03 - CPI Quarteiriza\u00e7\u00e3o 245 circular Pres. C\u00e2mara</a></span></p>\r\n<p><span><a title=\"\" href=\"https://www.embuguacu.sp.leg.br/institucional/noticias/3RelatritoCPI.pdf\" class=\"internal-link\" target=\"_blank\"><img alt=\"\" class=\"image-inline\" src=\"../../imagens/iconepdf.jpg/@@images/a4d976db-5803-47f0-b0c9-9de331e3cbe2.jpeg\" title=\"\" /></a><span><a title=\"\" href=\"https://www.embuguacu.sp.leg.br/institucional/noticias/3RelatritoCPI.pdf\" class=\"internal-link\" target=\"_blank\">\u00a0\u00a03 - Relat\u00f3rio CPI</a></span></span></p>\r\n<p><strong>Expediente apresentado pelo vereador:</strong></p>\r\n<p><a title=\"\" href=\"https://www.embuguacu.sp.leg.br/institucional/noticias/4PL0212021.pdf\" class=\"internal-link\" target=\"_blank\"><img alt=\"\" class=\"image-inline\" src=\"../../imagens/iconepdf.jpg/@@images/a4d976db-5803-47f0-b0c9-9de331e3cbe2.jpeg\" title=\"\" /></a><span><a title=\"\" href=\"https://www.embuguacu.sp.leg.br/institucional/noticias/4PL0212021.pdf\" class=\"internal-link\" target=\"_blank\">\u00a04 - PL 021-2021</a></span></p>\r\n<p><a title=\"\" href=\"https://www.embuguacu.sp.leg.br/institucional/noticias/5MC0252021.pdf\" class=\"internal-link\" target=\"_blank\"><img alt=\"\" class=\"image-inline\" src=\"../../imagens/iconepdf.jpg/@@images/a4d976db-5803-47f0-b0c9-9de331e3cbe2.jpeg\" title=\"\" /></a><span><a title=\"\" href=\"https://www.embuguacu.sp.leg.br/institucional/noticias/5MC0252021.pdf\" class=\"internal-link\" target=\"_blank\">\u00a05 - MC 025-2021</a></span></p>\r\n<p><a title=\"\" href=\"https://www.embuguacu.sp.leg.br/institucional/noticias/6EXP0152020.pdf\" class=\"internal-link\" target=\"_blank\"><img alt=\"\" class=\"image-inline\" src=\"../../imagens/iconepdf.jpg/@@images/a4d976db-5803-47f0-b0c9-9de331e3cbe2.jpeg\" title=\"\" />\u00a06 - EXP 015-2021</a></p>\r\n<p><strong>Expediente da Presid\u00eancia:</strong></p>\r\n<p><span><span><a title=\"\" href=\"https://www.embuguacu.sp.leg.br/institucional/noticias/7ExpedientedaPresidencia11_.pdf\" class=\"internal-link\" target=\"_blank\"><img alt=\"\" class=\"image-inline\" src=\"../../imagens/iconepdf.jpg/@@images/a4d976db-5803-47f0-b0c9-9de331e3cbe2.jpeg\" title=\"\" /></a><span><a title=\"\" href=\"https://www.embuguacu.sp.leg.br/institucional/noticias/7ExpedientedaPresidencia11_.pdf\" class=\"internal-link\" target=\"_blank\">\u00a07 - Expediente da Presid\u00eancia</a></span></span></span></p>\r\n<p>\u00a0</p>\r\n<pre><span><span><span>Fonte: CMEG</span></span></span></pre>", "author_name": "vania", "version": "1.0", "author_url": "https://www.embuguacu.sp.leg.br/author/vania", "provider_name": "C\u00e2mara Municipal de Embu-Gua\u00e7u", "type": "rich"}