{"provider_url": "https://www.embuguacu.sp.leg.br", "title": "EXPEDIENTE 10\u00aa SESS\u00c3O ORDIN\u00c1RIA", "html": "<p>Transmiss\u00e3o ao vivo pelo Youtube e Facebook da C\u00e2mara.\u00a0</p>\r\n<p><span>1 - Correspond\u00eancias Recebidas:</span></p>\r\n<p><a title=\"\" href=\"https://www.embuguacu.sp.leg.br/institucional/noticias/LEI3013EtniaCIGANAPRefeitura.pdf\" class=\"internal-link\" target=\"_blank\"><img src=\"https://www.embuguacu.sp.leg.br/imagens/iconepdf.jpg/@@images/a4d976db-5803-47f0-b0c9-9de331e3cbe2.jpeg\" alt=\"\" class=\"image-inline\" title=\"\" />1.1 \u2013 LEI 3.013/2021</a></p>\r\n<p><a title=\"\" href=\"https://www.embuguacu.sp.leg.br/institucional/noticias/LEICOMPLEMENTAR16420212.pdf\" class=\"internal-link\" target=\"_blank\"><img src=\"https://www.embuguacu.sp.leg.br/imagens/iconepdf.jpg/@@images/a4d976db-5803-47f0-b0c9-9de331e3cbe2.jpeg\" alt=\"\" class=\"image-inline\" title=\"\" />1.2 \u2013 LEI COMPLEMENTAR 164/2021</a></p>\r\n<p><a title=\"\" href=\"https://www.embuguacu.sp.leg.br/institucional/noticias/DEC3127COVIDPrefeitura.pdf\" class=\"internal-link\" target=\"_blank\"><img src=\"https://www.embuguacu.sp.leg.br/imagens/iconepdf.jpg/@@images/a4d976db-5803-47f0-b0c9-9de331e3cbe2.jpeg\" alt=\"\" class=\"image-inline\" title=\"\" />1.3 \u2013 DEC 3127 - COVID - Prefeitura</a></p>\r\n<p><a title=\"\" href=\"https://www.embuguacu.sp.leg.br/institucional/noticias/DEC3128COVIDPrefeitura.pdf\" class=\"internal-link\" target=\"_blank\"><img src=\"https://www.embuguacu.sp.leg.br/imagens/iconepdf.jpg/@@images/a4d976db-5803-47f0-b0c9-9de331e3cbe2.jpeg\" alt=\"\" class=\"image-inline\" title=\"\" />1.4 \u2013 DEC 3128 - COVID - Prefeitura</a></p>\r\n<p><a title=\"\" href=\"https://www.embuguacu.sp.leg.br/institucional/noticias/DEC3130COVIDPrefeitura.pdf\" class=\"internal-link\" target=\"_blank\"><img src=\"https://www.embuguacu.sp.leg.br/imagens/iconepdf.jpg/@@images/a4d976db-5803-47f0-b0c9-9de331e3cbe2.jpeg\" alt=\"\" class=\"image-inline\" title=\"\" />1.5 \u2013 DEC 3130 - COVID - Prefeitura</a></p>\r\n<p><a title=\"\" href=\"https://www.embuguacu.sp.leg.br/institucional/noticias/DEC3131COVIDPrefeitura.pdf\" class=\"internal-link\" target=\"_blank\"><img src=\"https://www.embuguacu.sp.leg.br/imagens/iconepdf.jpg/@@images/a4d976db-5803-47f0-b0c9-9de331e3cbe2.jpeg\" alt=\"\" class=\"image-inline\" title=\"\" />1.6 \u2013 DEC 3131 - COVID - Prefeitura</a></p>\r\n<p><a title=\"\" href=\"https://www.embuguacu.sp.leg.br/institucional/noticias/DEC3133COVIDPrefeitura.pdf\" class=\"internal-link\" target=\"_blank\"><img src=\"https://www.embuguacu.sp.leg.br/imagens/iconepdf.jpg/@@images/a4d976db-5803-47f0-b0c9-9de331e3cbe2.jpeg\" alt=\"\" class=\"image-inline\" title=\"\" />1.7 \u2013 DEC 3133 - COVID \u2013 Prefeitura (Vigente)</a></p>\r\n<p><a title=\"\" href=\"https://www.embuguacu.sp.leg.br/institucional/noticias/DEC3132REGISTRODEFREQUENCIAPrefeitura.pdf\" class=\"internal-link\" target=\"_blank\"><img src=\"https://www.embuguacu.sp.leg.br/imagens/iconepdf.jpg/@@images/a4d976db-5803-47f0-b0c9-9de331e3cbe2.jpeg\" alt=\"\" class=\"image-inline\" title=\"\" />1.8 \u2013 DEC 3132 - Registro de Frequ\u00eancia dos Servidores P\u00fablicos</a></p>\r\n<p><a title=\"\" href=\"https://www.embuguacu.sp.leg.br/institucional/noticias/OF242BalanceteJanPrefeitura.pdf\" class=\"internal-link\" target=\"_blank\"><img src=\"https://www.embuguacu.sp.leg.br/imagens/iconepdf.jpg/@@images/a4d976db-5803-47f0-b0c9-9de331e3cbe2.jpeg\" alt=\"\" class=\"image-inline\" title=\"\" />1.9 \u2013 Of. 242/2021 \u2013 Balancetes financeiros referentes a Jan/2021</a></p>\r\n<p><a title=\"\" href=\"https://www.embuguacu.sp.leg.br/institucional/noticias/BalanceteJan21.pdf\" class=\"internal-link\" target=\"_blank\"><img src=\"https://www.embuguacu.sp.leg.br/imagens/iconepdf.jpg/@@images/a4d976db-5803-47f0-b0c9-9de331e3cbe2.jpeg\" alt=\"\" class=\"image-inline\" title=\"\" />1.10 \u2013 Balancetes financeiros referentes \u00e0 Jan/2021</a></p>\r\n<p><a title=\"\" href=\"https://www.embuguacu.sp.leg.br/institucional/noticias/OF243DecretosFinanceirosJanPrefeitura.pdf\" class=\"internal-link\" target=\"_blank\"><img src=\"https://www.embuguacu.sp.leg.br/imagens/iconepdf.jpg/@@images/a4d976db-5803-47f0-b0c9-9de331e3cbe2.jpeg\" alt=\"\" class=\"image-inline\" title=\"\" />1.11 \u2013 Of. 243/2021 \u2013 Decretos financeiros 001 a 004 de 2021</a></p>\r\n<p><a title=\"\" href=\"https://www.embuguacu.sp.leg.br/institucional/noticias/DECFINANCEIROSJAN.pdf\" class=\"internal-link\" target=\"_blank\"><img src=\"https://www.embuguacu.sp.leg.br/imagens/iconepdf.jpg/@@images/a4d976db-5803-47f0-b0c9-9de331e3cbe2.jpeg\" alt=\"\" class=\"image-inline\" title=\"\" />1.12 \u2013 Decretos financeiros 001 a 004 de 2021</a></p>\r\n<p><a title=\"\" href=\"https://www.embuguacu.sp.leg.br/institucional/noticias/PORTARIASDE195a211Prefeitura.pdf\" class=\"internal-link\" target=\"_blank\"><img src=\"https://www.embuguacu.sp.leg.br/imagens/iconepdf.jpg/@@images/a4d976db-5803-47f0-b0c9-9de331e3cbe2.jpeg\" alt=\"\" class=\"image-inline\" title=\"\" />1.13 \u2013 PORTARIAS 195 a 211 de 2021</a></p>\r\n<p><a title=\"\" href=\"https://www.embuguacu.sp.leg.br/institucional/noticias/OF012AtendimentoaLei2973Prefeitura.pdf\" class=\"internal-link\" target=\"_blank\"><img src=\"https://www.embuguacu.sp.leg.br/imagens/iconepdf.jpg/@@images/a4d976db-5803-47f0-b0c9-9de331e3cbe2.jpeg\" alt=\"\" class=\"image-inline\" title=\"\" />1.14 \u2013 Of. 012/2021 \u2013 Resp. Covid \u2013 Lei 2.973/2020</a></p>\r\n<p><a title=\"\" href=\"https://www.embuguacu.sp.leg.br/institucional/noticias/OF013AtendimentoaLei2973Prefeitura.pdf\" class=\"internal-link\" target=\"_blank\"><img src=\"https://www.embuguacu.sp.leg.br/imagens/iconepdf.jpg/@@images/a4d976db-5803-47f0-b0c9-9de331e3cbe2.jpeg\" alt=\"\" class=\"image-inline\" title=\"\" />1.15 \u2013 Of. 013/2021 \u2013 Resp. Covid \u2013 Lei 2.973/2020</a></p>\r\n<p><a title=\"\" href=\"https://www.embuguacu.sp.leg.br/institucional/noticias/OF014AtendimentoaLei2973Prefeitura.pdf\" class=\"internal-link\" target=\"_blank\"><img src=\"https://www.embuguacu.sp.leg.br/imagens/iconepdf.jpg/@@images/a4d976db-5803-47f0-b0c9-9de331e3cbe2.jpeg\" alt=\"\" class=\"image-inline\" title=\"\" />1.16 \u2013 Of. 014/2021 \u2013 Resp. Covid \u2013 Lei 2.973/2020</a></p>\r\n<p><a title=\"\" href=\"https://www.embuguacu.sp.leg.br/institucional/noticias/RESPAIND388e410Fiscalizao.pdf\" class=\"internal-link\" target=\"_blank\"><img src=\"https://www.embuguacu.sp.leg.br/imagens/iconepdf.jpg/@@images/a4d976db-5803-47f0-b0c9-9de331e3cbe2.jpeg\" alt=\"\" class=\"image-inline\" title=\"\" />1.17 \u2013 RESP. a IND 388 e 410 de 2021</a></p>\r\n<p><a title=\"\" href=\"https://www.embuguacu.sp.leg.br/institucional/noticias/RESPAIND5702021DER.pdf\" class=\"internal-link\" target=\"_blank\"><span><img src=\"https://www.embuguacu.sp.leg.br/imagens/iconepdf.jpg/@@images/a4d976db-5803-47f0-b0c9-9de331e3cbe2.jpeg\" alt=\"\" class=\"image-inline\" title=\"\" />1.18</span>\u00a0\u2013 RESP. a IND 570/ 2021</a></p>\r\n<p><a title=\"\" href=\"https://www.embuguacu.sp.leg.br/institucional/noticias/RESPAIND5752021GCM.pdf\" class=\"internal-link\" target=\"_blank\"><span><img src=\"https://www.embuguacu.sp.leg.br/imagens/iconepdf.jpg/@@images/a4d976db-5803-47f0-b0c9-9de331e3cbe2.jpeg\" alt=\"\" class=\"image-inline\" title=\"\" />1.19</span>\u00a0\u2013 RESP. a IND 575/ 2021</a></p>\r\n<p><a title=\"\" href=\"https://www.embuguacu.sp.leg.br/institucional/noticias/RESPAMOC0042021.pdf\" class=\"internal-link\" target=\"_blank\"><span><img src=\"https://www.embuguacu.sp.leg.br/imagens/iconepdf.jpg/@@images/a4d976db-5803-47f0-b0c9-9de331e3cbe2.jpeg\" alt=\"\" class=\"image-inline\" title=\"\" />1.20</span>\u00a0\u2013 RESP. a MOC 004/ 2021</a></p>\r\n<p><a title=\"\" href=\"https://www.embuguacu.sp.leg.br/institucional/noticias/RESPAMOC0172021.pdf\" class=\"internal-link\" target=\"_blank\"><span><img src=\"https://www.embuguacu.sp.leg.br/imagens/iconepdf.jpg/@@images/a4d976db-5803-47f0-b0c9-9de331e3cbe2.jpeg\" alt=\"\" class=\"image-inline\" title=\"\" />1.21</span>\u00a0\u2013 RESP. a MOC 017/ 2021</a></p>\r\n<p><a title=\"\" href=\"https://www.embuguacu.sp.leg.br/institucional/noticias/RESPAOOF0582021.pdf\" class=\"internal-link\" target=\"_blank\"><span><img src=\"https://www.embuguacu.sp.leg.br/imagens/iconepdf.jpg/@@images/a4d976db-5803-47f0-b0c9-9de331e3cbe2.jpeg\" alt=\"\" class=\"image-inline\" title=\"\" />1.22</span>\u00a0\u2013 RESP. a OF. 068/ 2021</a></p>\r\n<p><a title=\"\" href=\"https://www.embuguacu.sp.leg.br/institucional/noticias/RESPAOREQ0062021.pdf\" class=\"internal-link\" target=\"_blank\"><span><img src=\"https://www.embuguacu.sp.leg.br/imagens/iconepdf.jpg/@@images/a4d976db-5803-47f0-b0c9-9de331e3cbe2.jpeg\" alt=\"\" class=\"image-inline\" title=\"\" />1.23</span>\u00a0\u2013 RESP. a REQ 006/ 2021</a></p>\r\n<p><a title=\"\" href=\"https://www.embuguacu.sp.leg.br/institucional/noticias/RESPAOREQ0502021ZonaAzul.pdf\" class=\"internal-link\" target=\"_blank\"><span><img src=\"https://www.embuguacu.sp.leg.br/imagens/iconepdf.jpg/@@images/a4d976db-5803-47f0-b0c9-9de331e3cbe2.jpeg\" alt=\"\" class=\"image-inline\" title=\"\" />1.24</span>\u00a0\u2013 RESP. a REQ 050/ 2021</a></p>\r\n<p><a title=\"\" href=\"https://www.embuguacu.sp.leg.br/institucional/noticias/RESPAOREQ922021.pdf\" class=\"internal-link\" target=\"_blank\"><span><img src=\"https://www.embuguacu.sp.leg.br/imagens/iconepdf.jpg/@@images/a4d976db-5803-47f0-b0c9-9de331e3cbe2.jpeg\" alt=\"\" class=\"image-inline\" title=\"\" />1.25</span>\u00a0\u2013 RESP. a REQ 092/ 2021</a></p>\r\n<p><a title=\"\" href=\"https://www.embuguacu.sp.leg.br/institucional/noticias/OF0082021DENUNCIAMAURICIPREFEITURA.pdf\" class=\"internal-link\" target=\"_blank\"><span><img src=\"https://www.embuguacu.sp.leg.br/imagens/iconepdf.jpg/@@images/a4d976db-5803-47f0-b0c9-9de331e3cbe2.jpeg\" alt=\"\" class=\"image-inline\" title=\"\" />1.26</span>\u00a0\u2013 Of. 008/2021 \u2013 PERDA DE MANDATO DE CORREGEDOR DA GCM</a></p>\r\n<p><span>Expediente:</span></p>\r\n<p><span><a title=\"\" href=\"https://www.embuguacu.sp.leg.br/institucional/noticias/1ATA9SessoOrdinria.pdf\" class=\"internal-link\" target=\"_blank\"><img src=\"https://www.embuguacu.sp.leg.br/imagens/iconepdf.jpg/@@images/a4d976db-5803-47f0-b0c9-9de331e3cbe2.jpeg\" alt=\"\" class=\"image-inline\" title=\"\" />2 - ATA 9\u00aa Sess\u00e3o Ordin\u00e1ria</a></span></p>\r\n<p><span><a title=\"\" href=\"https://www.embuguacu.sp.leg.br/institucional/noticias/1ATA9SessoOrdinria.pdf\" class=\"internal-link\" target=\"_blank\"></a></span><a title=\"\" href=\"https://www.embuguacu.sp.leg.br/institucional/noticias/3PROJETOLEIN005.2021.pdf\" class=\"internal-link\" target=\"_blank\"><img src=\"https://www.embuguacu.sp.leg.br/imagens/iconepdf.jpg/@@images/a4d976db-5803-47f0-b0c9-9de331e3cbe2.jpeg\" alt=\"\" class=\"image-inline\" title=\"\" />3 - PROJETO LEI N\u00ba 005-2021 - EXECUTIVO</a></p>\r\n<p><span><a title=\"\" href=\"https://www.embuguacu.sp.leg.br/institucional/noticias/4PL0082021.pdf\" class=\"internal-link\" target=\"_blank\"><img src=\"https://www.embuguacu.sp.leg.br/imagens/iconepdf.jpg/@@images/a4d976db-5803-47f0-b0c9-9de331e3cbe2.jpeg\" alt=\"\" class=\"image-inline\" title=\"\" />4 -\u00a0<span>PROJETO LEI N\u00ba\u00a0</span> 008-2021</a></span></p>\r\n<p><span><a title=\"\" href=\"https://www.embuguacu.sp.leg.br/institucional/noticias/5PL0092021.pdf\" class=\"internal-link\" target=\"_blank\"><img src=\"https://www.embuguacu.sp.leg.br/imagens/iconepdf.jpg/@@images/a4d976db-5803-47f0-b0c9-9de331e3cbe2.jpeg\" alt=\"\" class=\"image-inline\" title=\"\" />5 - <span>PROJETO LEI N\u00ba\u00a0</span>009-2021</a></span></p>\r\n<p><span><a title=\"\" href=\"https://www.embuguacu.sp.leg.br/institucional/noticias/6PL0102021.pdf\" class=\"internal-link\" target=\"_blank\"><img src=\"https://www.embuguacu.sp.leg.br/imagens/iconepdf.jpg/@@images/a4d976db-5803-47f0-b0c9-9de331e3cbe2.jpeg\" alt=\"\" class=\"image-inline\" title=\"\" />6 -\u00a0<span>PROJETO LEI N\u00ba\u00a0</span> 010-2021</a></span></p>\r\n<p><span><a title=\"\" href=\"https://www.embuguacu.sp.leg.br/institucional/noticias/7PL0112021.pdf\" class=\"internal-link\" target=\"_blank\"><img src=\"https://www.embuguacu.sp.leg.br/imagens/iconepdf.jpg/@@images/a4d976db-5803-47f0-b0c9-9de331e3cbe2.jpeg\" alt=\"\" class=\"image-inline\" title=\"\" />7 -<span>PROJETO LEI N\u00ba\u00a0</span> 011-2021</a></span></p>\r\n<p><a title=\"\" href=\"https://www.embuguacu.sp.leg.br/institucional/noticias/8PLC0042021I.pdf\" class=\"internal-link\" target=\"_blank\"><img src=\"https://www.embuguacu.sp.leg.br/imagens/iconepdf.jpg/@@images/a4d976db-5803-47f0-b0c9-9de331e3cbe2.jpeg\" alt=\"\" class=\"image-inline\" title=\"\" />8 -\u00a0<span>PROJETO LEI COMPLEMENTAR N\u00ba\u00a0</span> 004-2021</a>\u00a0</p>\r\n<p><span><a title=\"\" href=\"https://www.embuguacu.sp.leg.br/institucional/noticias/9PELO0022021.pdf\" class=\"internal-link\" target=\"_blank\"><img src=\"https://www.embuguacu.sp.leg.br/imagens/iconepdf.jpg/@@images/a4d976db-5803-47f0-b0c9-9de331e3cbe2.jpeg\" alt=\"\" class=\"image-inline\" title=\"\" />9 - PROJETO EMENDA A LEI ORG\u00c2NICA N\u00ba 002-2021</a></span></p>\r\n<p><span><a title=\"\" href=\"https://www.embuguacu.sp.leg.br/institucional/noticias/10MC0212021.pdf\" class=\"internal-link\" target=\"_blank\"><img src=\"https://www.embuguacu.sp.leg.br/imagens/iconepdf.jpg/@@images/a4d976db-5803-47f0-b0c9-9de331e3cbe2.jpeg\" alt=\"\" class=\"image-inline\" title=\"\" />10 - MO\u00c7\u00c3O 021-2021</a></span></p>\r\n<p><span><a title=\"\" href=\"https://www.embuguacu.sp.leg.br/institucional/noticias/11REQ1162021.pdf\" class=\"internal-link\" target=\"_blank\"><img src=\"https://www.embuguacu.sp.leg.br/imagens/iconepdf.jpg/@@images/a4d976db-5803-47f0-b0c9-9de331e3cbe2.jpeg\" alt=\"\" class=\"image-inline\" title=\"\" />11 - REQUERIMENTO 116-2021</a></span></p>\r\n<p><span><a title=\"\" href=\"https://www.embuguacu.sp.leg.br/institucional/noticias/12Edital0062021.pdf\" class=\"internal-link\" target=\"_blank\"><img src=\"https://www.embuguacu.sp.leg.br/imagens/iconepdf.jpg/@@images/a4d976db-5803-47f0-b0c9-9de331e3cbe2.jpeg\" alt=\"\" class=\"image-inline\" title=\"\" />12 - EDITAL 006-2021</a></span></p>\r\n<p><span><a title=\"\" href=\"https://www.embuguacu.sp.leg.br/institucional/noticias/copy_of_12.1PROCESSOTCCONTASANUAIS2017EXECUTIVO.pdf\" class=\"internal-link\" target=\"_blank\"><img src=\"https://www.embuguacu.sp.leg.br/imagens/iconepdf.jpg/@@images/a4d976db-5803-47f0-b0c9-9de331e3cbe2.jpeg\" alt=\"\" class=\"image-inline\" title=\"\" />12.1 - PROCESSO TC - CONTAS ANUAIS 2017 - EXECUTIVO</a></span></p>\r\n<p><span><a title=\"\" href=\"https://www.embuguacu.sp.leg.br/institucional/noticias/12.2NOTAINFORMATIVACONTAS.pdf\" class=\"internal-link\" target=\"_blank\"><img src=\"https://www.embuguacu.sp.leg.br/imagens/iconepdf.jpg/@@images/a4d976db-5803-47f0-b0c9-9de331e3cbe2.jpeg\" alt=\"\" class=\"image-inline\" title=\"\" />12.2- NOTA INFORMATIVA CONTAS</a></span></p>\r\n<p><span><a title=\"\" href=\"https://www.embuguacu.sp.leg.br/institucional/noticias/13NOTAINFORMATIVAREJEIODEPROJETOS.pdf\" class=\"internal-link\" target=\"_blank\"><img src=\"https://www.embuguacu.sp.leg.br/imagens/iconepdf.jpg/@@images/a4d976db-5803-47f0-b0c9-9de331e3cbe2.jpeg\" alt=\"\" class=\"image-inline\" title=\"\" />13 - NOTA INFORMATIVA REJEI\u00c7\u00c3O DE PROJETOS</a></span></p>\r\n<p><span><a title=\"\" href=\"https://www.embuguacu.sp.leg.br/institucional/noticias/14EXP0102021.pdf\" class=\"internal-link\" target=\"_blank\"><img src=\"https://www.embuguacu.sp.leg.br/imagens/iconepdf.jpg/@@images/a4d976db-5803-47f0-b0c9-9de331e3cbe2.jpeg\" alt=\"\" class=\"image-inline\" title=\"\" />14 - EXPEDIENTE 010-2021</a></span></p>\r\n<p><span><a title=\"\" href=\"https://www.embuguacu.sp.leg.br/institucional/noticias/15ExpedientedaPresidencia06.pdf\" class=\"internal-link\" target=\"_blank\"><img src=\"https://www.embuguacu.sp.leg.br/imagens/iconepdf.jpg/@@images/a4d976db-5803-47f0-b0c9-9de331e3cbe2.jpeg\" alt=\"\" class=\"image-inline\" title=\"\" />15 - EXPEDIENTE DA PRESIDENCIA 06</a></span></p>\r\n<p>\u00a0<a title=\"\" href=\"https://www.embuguacu.sp.leg.br/institucional/noticias/copy_of_Emenda0042021.pdf\" class=\"internal-link\" target=\"_blank\"><img src=\"https://www.embuguacu.sp.leg.br/imagens/iconepdf.jpg/@@images/a4d976db-5803-47f0-b0c9-9de331e3cbe2.jpeg\" alt=\"\" class=\"image-inline\" title=\"\" />16 - EMENDA 004</a></p>", "author_name": "", "version": "1.0", "author_url": "https://www.embuguacu.sp.leg.br/author/esic", "provider_name": "C\u00e2mara Municipal de Embu-Gua\u00e7u", "type": "rich"}