{"provider_url": "https://www.embuguacu.sp.leg.br", "title": "EXPEDIENTE 05\u00aa SESS\u00c3O ORDIN\u00c1RIA", "html": "<p>Ata<strong>\u00a0da Sess\u00e3o Anterior</strong></p>\r\n<p><a title=\"\" href=\"https://www.embuguacu.sp.leg.br/institucional/noticias/104Ord.pdf\" class=\"internal-link\" target=\"_blank\"><strong><img alt=\"\" class=\"image-inline\" src=\"../../imagens/iconepdf.jpg/@@images/a4d976db-5803-47f0-b0c9-9de331e3cbe2.jpeg\" title=\"\" />\u00a01\u00a0</strong>- ATA da 04\u00aa Sess\u00e3o Ordin\u00e1ria\u00a0de 2022</a></p>\r\n<p><strong>Recebidos pelo Prefeito:</strong></p>\r\n<p><a title=\"\" href=\"https://www.embuguacu.sp.leg.br/institucional/noticias/2BalanceteseRelatriosFinanceirosdoExecutivoref.Janeiro2022.pdf\" class=\"internal-link\" target=\"_blank\"><strong><strong><img alt=\"\" class=\"image-inline\" src=\"../../imagens/iconepdf.jpg/@@images/a4d976db-5803-47f0-b0c9-9de331e3cbe2.jpeg\" title=\"\" /></strong></strong>\u00a02 - Balancetes e Relat\u00f3rios Financeiros do Executivo ref. Janeiro-2022</a></p>\r\n<p><a title=\"\" href=\"https://www.embuguacu.sp.leg.br/institucional/noticias/2Decreto3.1862022.pdf\" class=\"internal-link\" target=\"_blank\"><strong><strong><img alt=\"\" class=\"image-inline\" src=\"../../imagens/iconepdf.jpg/@@images/a4d976db-5803-47f0-b0c9-9de331e3cbe2.jpeg\" title=\"\" /></strong></strong>\u00a02 - Decreto 3.186-2022</a></p>\r\n<p><a title=\"\" href=\"https://www.embuguacu.sp.leg.br/institucional/noticias/2DecretosFinanceiros01a232022.pdf\" class=\"internal-link\" target=\"_blank\"><strong><img alt=\"\" class=\"image-inline\" src=\"../../imagens/iconepdf.jpg/@@images/a4d976db-5803-47f0-b0c9-9de331e3cbe2.jpeg\" title=\"\" /></strong>\u00a02 - Decretos Financeiros 01 a 23-2022</a></p>\r\n<p><a title=\"\" href=\"https://www.embuguacu.sp.leg.br/institucional/noticias/2Portaria33e352022Executivo.pdf\" class=\"internal-link\" target=\"_blank\"><strong><img alt=\"\" class=\"image-inline\" src=\"../../imagens/iconepdf.jpg/@@images/a4d976db-5803-47f0-b0c9-9de331e3cbe2.jpeg\" title=\"\" /></strong>\u00a02 - Portaria 33 e 35-2022 - Executivo</a></p>\r\n<p><strong>Mat\u00e9rias Apresentadas pelos Vereadores:</strong></p>\r\n<p><a title=\"\" href=\"https://www.embuguacu.sp.leg.br/institucional/noticias/2.1PLC0012022.pdf\" class=\"internal-link\" target=\"_blank\"><strong><strong><img alt=\"\" class=\"image-inline\" src=\"../../imagens/iconepdf.jpg/@@images/a4d976db-5803-47f0-b0c9-9de331e3cbe2.jpeg\" title=\"\" /></strong></strong>\u00a02.1 - PLC 0012022\u00a0</a></p>\r\n<p><a title=\"\" href=\"https://www.embuguacu.sp.leg.br/institucional/noticias/3PL0272022.pdf\" class=\"internal-link\" target=\"_blank\"><img alt=\"\" class=\"image-inline\" src=\"../../imagens/iconepdf.jpg/@@images/a4d976db-5803-47f0-b0c9-9de331e3cbe2.jpeg\" title=\"\" />\u00a03 - PL 0272022\u00a0</a></p>\r\n<p><a title=\"\" href=\"https://www.embuguacu.sp.leg.br/institucional/noticias/4PL0292022.pdf\" class=\"internal-link\" target=\"_blank\"><img alt=\"\" class=\"image-inline\" src=\"../../imagens/iconepdf.jpg/@@images/a4d976db-5803-47f0-b0c9-9de331e3cbe2.jpeg\" title=\"\" /><span>\u00a04</span>\u00a0- PL 0292022</a><a title=\"\" href=\"https://www.embuguacu.sp.leg.br/institucional/noticias/4PL0182022.pdf\" class=\"internal-link\" target=\"_blank\">\u00a0</a></p>\r\n<p><a title=\"\" href=\"https://www.embuguacu.sp.leg.br/institucional/noticias/5PL0312022.pdf\" class=\"internal-link\" target=\"_blank\"><img alt=\"\" class=\"image-inline\" src=\"../../imagens/iconepdf.jpg/@@images/a4d976db-5803-47f0-b0c9-9de331e3cbe2.jpeg\" title=\"\" /><span>\u00a05</span>\u00a0- PL 0312022</a><a title=\"\" href=\"https://www.embuguacu.sp.leg.br/institucional/noticias/4PL0182022.pdf\" class=\"internal-link\" target=\"_blank\">\u00a0</a></p>\r\n<p><a title=\"\" href=\"https://www.embuguacu.sp.leg.br/institucional/noticias/5.1PDL0132022.pdf\" class=\"internal-link\" target=\"_blank\"><img alt=\"\" class=\"image-inline\" src=\"../../imagens/iconepdf.jpg/@@images/a4d976db-5803-47f0-b0c9-9de331e3cbe2.jpeg\" title=\"\" />\u00a05.1 - PDL 0132022\u00a0</a></p>\r\n<p><a title=\"\" href=\"https://www.embuguacu.sp.leg.br/institucional/noticias/5.2PDL0142022.pdf\" class=\"internal-link\" target=\"_blank\"><img alt=\"\" class=\"image-inline\" src=\"../../imagens/iconepdf.jpg/@@images/a4d976db-5803-47f0-b0c9-9de331e3cbe2.jpeg\" title=\"\" />\u00a05.2 - PDL 0142022\u00a0</a><a title=\"\" href=\"https://www.embuguacu.sp.leg.br/institucional/noticias/5PL0312022.pdf\" class=\"internal-link\" target=\"_blank\"></a><a title=\"\" href=\"https://www.embuguacu.sp.leg.br/institucional/noticias/4PL0182022.pdf\" class=\"internal-link\" target=\"_blank\">\u00a0</a></p>\r\n<p><a title=\"\" href=\"https://www.embuguacu.sp.leg.br/institucional/noticias/5.3PDL0152022.pdf\" class=\"internal-link\" target=\"_blank\"><img alt=\"\" class=\"image-inline\" src=\"../../imagens/iconepdf.jpg/@@images/a4d976db-5803-47f0-b0c9-9de331e3cbe2.jpeg\" title=\"\" />\u00a05.3 - PDL 0152022\u00a0\u00a0</a></p>\r\n<p><a title=\"\" href=\"https://www.embuguacu.sp.leg.br/institucional/noticias/6Emenda0012022.pdf\" class=\"internal-link\" target=\"_blank\"><img alt=\"\" class=\"image-inline\" src=\"../../imagens/iconepdf.jpg/@@images/a4d976db-5803-47f0-b0c9-9de331e3cbe2.jpeg\" title=\"\" />\u00a06\u00a0- EMENDA 0012022\u00a0</a></p>\r\n<p><a title=\"\" href=\"https://www.embuguacu.sp.leg.br/institucional/noticias/7REQ0512022URG.pdf\" class=\"internal-link\" target=\"_blank\"><img alt=\"\" class=\"image-inline\" src=\"../../imagens/iconepdf.jpg/@@images/a4d976db-5803-47f0-b0c9-9de331e3cbe2.jpeg\" title=\"\" />\u00a07\u00a0- REQ 0512022\u00a0</a></p>\r\n<p><strong>Mat\u00e9rias que n\u00e3o requerem Vota\u00e7\u00e3o</strong></p>\r\n<p><a title=\"\" href=\"https://www.embuguacu.sp.leg.br/institucional/noticias/copy_of_8EXP0052022.pdf\" class=\"internal-link\" target=\"_blank\">\u00a0<img alt=\"\" class=\"image-inline\" src=\"../../imagens/iconepdf.jpg/@@images/a4d976db-5803-47f0-b0c9-9de331e3cbe2.jpeg\" title=\"\" />\u00a0EXP-052022</a></p>\r\n<p><strong>Expediente da Presid\u00eancia\u00a0</strong></p>\r\n<p><a title=\"\" href=\"https://www.embuguacu.sp.leg.br/institucional/noticias/9EXPP0052022.pdf\" class=\"internal-link\" target=\"_blank\"><img alt=\"\" class=\"image-inline\" src=\"../../imagens/iconepdf.jpg/@@images/a4d976db-5803-47f0-b0c9-9de331e3cbe2.jpeg\" title=\"\" />\u00a0EXPP</a></p>\r\n<p>\u00a0</p>\r\n<pre class=\"tm6\"><span class=\"tm6\">Fonte: CMEG</span></pre>", "author_name": "", "version": "1.0", "author_url": "https://www.embuguacu.sp.leg.br/author/adm", "provider_name": "C\u00e2mara Municipal de Embu-Gua\u00e7u", "type": "rich"}