{"provider_url": "https://www.embuguacu.sp.leg.br", "title": "EXPEDIENTE 03\u00aa SESS\u00c3O ORDIN\u00c1RIA", "html": "<p><strong>Ata\u00a0da Sess\u00e3o Anterior</strong></p>\r\n<p><a title=\"\" href=\"https://www.embuguacu.sp.leg.br/institucional/noticias/copy2_of_1Ata_02Ord.pdf\" class=\"internal-link\" target=\"_self\"><strong><img alt=\"\" class=\"image-inline\" src=\"imagens/iconepdf.jpg/@@images/a4d976db-5803-47f0-b0c9-9de331e3cbe2.jpeg\" title=\"\" /></strong>\u00a01 - Ata_02\u00aaOrd</a></p>\r\n<p><strong>Expediente recebido do Prefeito:</strong></p>\r\n<p><a title=\"\" href=\"https://www.embuguacu.sp.leg.br/institucional/noticias/2ExpedientedaPresidncia.pdf\" class=\"internal-link\" target=\"_self\"><em><img alt=\"\" class=\"image-inline\" src=\"imagens/iconepdf.jpg/@@images/a4d976db-5803-47f0-b0c9-9de331e3cbe2.jpeg\" title=\"\" /></em>\u00a02 - Expediente recebido do Prefeito</a></p>\r\n<p><strong>Expediente apresentado pelos Vereadores:</strong></p>\r\n<p><a title=\"\" href=\"https://www.embuguacu.sp.leg.br/institucional/noticias/12EXP0032024.pdf\" class=\"internal-link\" target=\"_self\"><img alt=\"\" class=\"image-inline\" src=\"imagens/iconepdf.jpg/@@images/a4d976db-5803-47f0-b0c9-9de331e3cbe2.jpeg\" title=\"\" />\u00a04 - Expediente apresentado pelos Vereadores</a></p>\r\n<p>\u00a0<strong>Expediente da Presid\u00eancia:</strong></p>\r\n<p><a title=\"\" href=\"https://www.embuguacu.sp.leg.br/institucional/noticias/5EXPP0022024.pdf\" class=\"internal-link\" target=\"_blank\">\u00a0</a><a title=\"\" href=\"https://www.embuguacu.sp.leg.br/institucional/noticias/13EXPP0032024.pdf\" class=\"internal-link\" target=\"_self\"><img alt=\"\" class=\"image-inline\" src=\"imagens/iconepdf.jpg/@@images/a4d976db-5803-47f0-b0c9-9de331e3cbe2.jpeg\" title=\"\" />\u00a05 - Expediente da Presid\u00eancia</a></p>\r\n<p><a title=\"\" href=\"https://www.embuguacu.sp.leg.br/institucional/noticias/13INFORMATIVO.pdf\" class=\"internal-link\" target=\"_self\"><img alt=\"\" class=\"image-inline\" src=\"imagens/iconepdf.jpg/@@images/a4d976db-5803-47f0-b0c9-9de331e3cbe2.jpeg\" title=\"\" />\u00a06 - Informativo</a></p>\r\n<p><br /><em>Clique aqui<a class=\"external-link\" href=\"https://sapl.embuguacu.sp.leg.br/sessao/pauta-sessao/151/\" target=\"_blank\" title=\"\">\u00a0</a>e acesse na\u00a0 integra as mat\u00e9rias apresentadas pelo Chefe do Poder Executivo e Vereadores, no Sistema de Apoio ao Processo Legislativo - SAPL da C\u00e2mara Municipal de Embu-Gua\u00e7u.</em></p>", "author_name": "", "version": "1.0", "author_url": "https://www.embuguacu.sp.leg.br/author/admin", "provider_name": "C\u00e2mara Municipal de Embu-Gua\u00e7u", "type": "rich"}