{"provider_url": "https://www.embuguacu.sp.leg.br", "title": "EVENTO GUARDI\u00d5ES DA ORDEM P\u00daBLICA", "html": "<p style=\"text-align: justify; \"><span>Na ultima quarta-feira, dia 24 de janeiro de 2024, foi realizado na C\u00e2mara Municipal de Embu-Gua\u00e7u o Evento promovido pelo SITRASPESP, onde foram entregues o t\u00edtulo de Guardi\u00e3o da Ordem P\u00fablica, para os policiais civis de Embu Gua\u00e7u, bem como aos Guardas Civis de Embu-Gua\u00e7u.</span></p>\r\n<p style=\"text-align: justify; \">Representantes de institui\u00e7\u00f5es, Delegados, Vereadores, servidores p\u00fablicos, e a comunidade em geral participaram do Evento. O Secret\u00e1rio de Governo esteve representando o Prefeito, bem como o Secret\u00e1rio de T<span>r\u00e2nsito, Transportes e Seguran\u00e7a P\u00fablica</span>, tamb\u00e9m estiveram presentes na Sess\u00e3o.</p>\r\n<p>Confira as fotos do Evento\u00a0<a class=\"external-link\" href=\"https://drive.google.com/drive/folders/1rR3G5hsSRFEX8CE2RI3wUywK_CEoK9sj?usp=sharing\" target=\"_self\" title=\"\"><strong>clicando aqui</strong>.</a></p>\r\n<p>Confira o v\u00eddeo do Evento\u00a0<strong><a class=\"external-link\" href=\"https://drive.google.com/file/d/13SpX-c-qn-hcawSX4ZTTNxvig0LDaI9i/view?usp=sharing\" target=\"_self\" title=\"\">clicando aqui</a></strong><a class=\"external-link\" href=\"https://www.youtube.com/watch?v=MYSN1_Qs3V8&amp;t=30s\" target=\"_self\" title=\"\">.</a></p>\r\n<p>\u00a0<img src=\"https://www.embuguacu.sp.leg.br/institucional/fotos/guardioes-da-ordem-publica-1/whatsapp-image-2024-01-26-at-13-43-24.jpeg/@@images/506cc120-8d20-448f-83bc-fd7c78312a4e.jpeg\" alt=\"WhatsApp Image 2024-01-26 at 13.43.24.jpeg\" class=\"image-inline\" title=\"WhatsApp Image 2024-01-26 at 13.43.24.jpeg\" /></p>\r\n<p><em><strong>\u00a0Fotos: Keize Bia e Lucas Myler</strong></em></p>\r\n<p>\u00a0</p>\r\n<div>\r\n<pre><b>Fonte: CMEG</b></pre>\r\n<div><b><br /></b></div>\r\n</div>", "author_name": "", "version": "1.0", "author_url": "https://www.embuguacu.sp.leg.br/author/adm", "provider_name": "C\u00e2mara Municipal de Embu-Gua\u00e7u", "type": "rich"}