{"provider_url": "https://www.embuguacu.sp.leg.br", "title": "EMENDAS PARLAMENTARES IMPOSITIVAS 2022", "html": "<p style=\"text-align: center; \"><strong><a class=\"external-link\" href=\"http://sapl.embuguacu.sp.leg.br/docadm/texto_integral/7\" target=\"_blank\" title=\"\">EDITAL 017/2021</a>\u00a0</strong></p>\r\n<p>\u00a0O Presidente da C\u00e2mara Municipal de Embu-Gua\u00e7u, Ant\u00f4nio Filho Botelho,\u00a0em atendimento ao artigo <em><a class=\"external-link\" href=\"http://leismunicipais.com.br/lei-organica-embu-guacu-sp\" target=\"_blank\" title=\"\">169-A da Lei Org\u00e2nica do Munic\u00edpio</a></em>, bem como ao <em>artigo <a class=\"external-link\" href=\"http://leismunicipais.com.br/a/sp/e/embu-guacu/resolucao/1991/0/1/resolucao-n-1-1991-dispoe-sobre-a-reforma-do-regimento-interno-da-c-mara-municipal-de-embu-guacu\" target=\"_blank\" title=\"\">141-A\u00a0do Regimento Interno</a></em>, d\u00e1 publicidade a abertura de prazo para\u00a0<strong>APRESENTA\u00c7\u00c3O DAS EMENDAS PARLAMENTARES IMPOSITIVAS</strong> ao Or\u00e7amento de 2022 do Munic\u00edpio de Embu-Gua\u00e7u.</p>\r\n<p>\u00a0<span>As </span><strong>Emendas Parlamentares Impositivas</strong><span> s\u00e3o a parte do or\u00e7amento p\u00fablico que os parlamentares indicam sua loca\u00e7\u00e3o e o Poder Executivo fica incumbido de realiz\u00e1-las.</span></p>\r\n<p><strong>Valor destinado:</strong></p>\r\n<p>O valor total de receita designado \u00e0s Emendas Parlamentares Impositivas \u00e9 de R$ 534.000,00 (quinhentos e trinta e quatro mil reais), sendo destinado a cada Vereador o valor de <b>R$ 41.076,92</b> (quarenta e um mil, setenta e seis reais e noventa e dois centavos),\u00a0</p>\r\n<p><strong>Organiza\u00e7\u00f5es da Sociedade Civil:</strong></p>\r\n<p>As Organiza\u00e7\u00f5es da Sociedade Civil interessadas em recursos advindos de Emendas Parlamentares Impositivas para o Or\u00e7amento de 2022, dever\u00e3o cumprir o <strong><a class=\"external-link\" href=\"http://sapl.embuguacu.sp.leg.br/docadm/texto_integral/7\" target=\"_self\" title=\"\">EDITAL 017/2021</a></strong>.</p>\r\n<p><em><strong>Importante:</strong></em> As Organiza\u00e7\u00f5es\u00a0dever\u00e3o formalizar solicita\u00e7\u00e3o diretamente nos Gabinetes dos Vereadores no per\u00edodo de <b>07 a 19 de outubro de 2021.</b></p>\r\n<p class=\" \" style=\"text-align: center; \"><strong><a class=\"external-link\" href=\"http://sapl.embuguacu.sp.leg.br/docadm/texto_integral/7\" target=\"_blank\" title=\"\">\u00a0<img src=\"https://www.embuguacu.sp.leg.br/imagens/transparencia-contratos.png\" alt=\"Esta imagem \u00e9 referenciada nos conte\u00fados do portal.\" class=\"image-inline\" title=\"Transparencia Contratos\" /></a></strong></p>\r\n<p class=\" \" style=\"text-align: center; \"><strong style=\"text-align: start; \"><a class=\"external-link\" href=\"http://sapl.embuguacu.sp.leg.br/docadm/texto_integral/7\" target=\"_blank\" title=\"\">EDITAL 017/2021</a></strong></p>\r\n<p>Fique atento!</p>\r\n<pre>Fonte: CMEG</pre>\r\n<p>\u00a0</p>", "author_name": "", "version": "1.0", "author_url": "https://www.embuguacu.sp.leg.br/author/adm", "provider_name": "C\u00e2mara Municipal de Embu-Gua\u00e7u", "type": "rich"}