{"provider_url": "https://www.embuguacu.sp.leg.br", "title": "EMENDAS PARLAMENTARES", "html": "<p><span>Segue as <strong>EMENDAS PARLAMENTARES INDIVIDUAIS IMPOSITIVAS</strong> referente ao <a class=\"external-link\" href=\"https://sapl.embuguacu.sp.leg.br/materia/2981\" target=\"_blank\" title=\"\">Projeto de Lei n\u00b0 026/2021</a> -\u00a0<span>LOA - Estima a receita e fixa a despesa do Munic\u00edpio para o exerc\u00edcio de 2022</span>\u00a0</span></p>\r\n<p><a title=\"\" href=\"https://www.embuguacu.sp.leg.br/institucional/noticias/Barros.pdf\" class=\"internal-link\" target=\"_blank\"><strong><img alt=\"\" class=\"image-inline\" src=\"../../imagens/iconepdf.jpg/@@images/a4d976db-5803-47f0-b0c9-9de331e3cbe2.jpeg\" title=\"\" />\u00a0<span>Vereador Engenheiro Barros - PTB</span></strong></a></p>\r\n<p><strong><span><a title=\"\" href=\"https://www.embuguacu.sp.leg.br/institucional/noticias/Carlinhos.pdf\" class=\"internal-link\" target=\"_blank\"><strong><img alt=\"\" class=\"image-inline\" src=\"../../imagens/iconepdf.jpg/@@images/a4d976db-5803-47f0-b0c9-9de331e3cbe2.jpeg\" title=\"\" />\u00a0Vereador C</strong>arlinhos - REPLUBICANOS</a></span></strong></p>\r\n<p><strong><span><a title=\"\" href=\"https://www.embuguacu.sp.leg.br/institucional/noticias/Clebinho...pdf\" class=\"internal-link\" target=\"_blank\"><strong><img alt=\"\" class=\"image-inline\" src=\"../../imagens/iconepdf.jpg/@@images/a4d976db-5803-47f0-b0c9-9de331e3cbe2.jpeg\" title=\"\" />\u00a0Vereador C</strong>lebinho Jogador - PV</a></span></strong></p>\r\n<p><strong><span><a title=\"\" href=\"https://www.embuguacu.sp.leg.br/institucional/noticias/Prof.Colle.pdf\" class=\"internal-link\" target=\"_blank\"><strong><img alt=\"\" class=\"image-inline\" src=\"../../imagens/iconepdf.jpg/@@images/a4d976db-5803-47f0-b0c9-9de331e3cbe2.jpeg\" title=\"\" />\u00a0Vereador P</strong>rof. Colle<strong>\u00a0<strong>- MDB</strong></strong></a></span></strong></p>\r\n<p><strong><span><a title=\"\" href=\"https://www.embuguacu.sp.leg.br/institucional/noticias/Edimilson....pdf\" class=\"internal-link\" target=\"_blank\"><strong><img alt=\"\" class=\"image-inline\" src=\"../../imagens/iconepdf.jpg/@@images/a4d976db-5803-47f0-b0c9-9de331e3cbe2.jpeg\" title=\"\" />\u00a0Vereador E</strong>dmilson Santos\u00a0<strong>- MDB</strong></a></span></strong></p>\r\n<p><strong><span><a title=\"\" href=\"https://www.embuguacu.sp.leg.br/institucional/noticias/ShytonImpositivas.pdf\" class=\"internal-link\" target=\"_blank\"><strong><img alt=\"\" class=\"image-inline\" src=\"../../imagens/iconepdf.jpg/@@images/a4d976db-5803-47f0-b0c9-9de331e3cbe2.jpeg\" title=\"\" />\u00a0Vereador P</strong>rof. Carlos Shyton<strong>- CIDADANIA</strong></a></span></strong></p>\r\n<p><strong><span><a title=\"\" href=\"https://www.embuguacu.sp.leg.br/institucional/noticias/Isaias.pdf\" class=\"internal-link\" target=\"_blank\"><strong><img alt=\"\" class=\"image-inline\" src=\"../../imagens/iconepdf.jpg/@@images/a4d976db-5803-47f0-b0c9-9de331e3cbe2.jpeg\" title=\"\" />\u00a0Vereador I</strong>saias Coelho - CIDADANIA</a></span></strong></p>\r\n<p><strong><span><a title=\"\" href=\"https://www.embuguacu.sp.leg.br/institucional/noticias/Joozinho.pdf\" class=\"internal-link\" target=\"_blank\"><strong><img alt=\"\" class=\"image-inline\" src=\"../../imagens/iconepdf.jpg/@@images/a4d976db-5803-47f0-b0c9-9de331e3cbe2.jpeg\" title=\"\" />\u00a0Vereador\u00a0</strong>Jo\u00e3ozinho do Cavalo<strong>- PTB</strong></a></span></strong></p>\r\n<p><strong><span><a title=\"\" href=\"https://www.embuguacu.sp.leg.br/institucional/noticias/Joaquim.pdf\" class=\"internal-link\" target=\"_blank\"><strong><img alt=\"\" class=\"image-inline\" src=\"../../imagens/iconepdf.jpg/@@images/a4d976db-5803-47f0-b0c9-9de331e3cbe2.jpeg\" title=\"\" />\u00a0Vereador J</strong>oaquim da Aposentadoria - PP</a></span></strong></p>\r\n<p><strong><span><a title=\"\" href=\"https://www.embuguacu.sp.leg.br/institucional/noticias/Lucas.pdf\" class=\"internal-link\" target=\"_blank\"><strong><img alt=\"\" class=\"image-inline\" src=\"../../imagens/iconepdf.jpg/@@images/a4d976db-5803-47f0-b0c9-9de331e3cbe2.jpeg\" title=\"\" />\u00a0Vereador L</strong>ucas da Sa\u00fade - PSC</a></span></strong></p>\r\n<p><strong><span><a title=\"\" href=\"https://www.embuguacu.sp.leg.br/institucional/noticias/Maicon.pdf\" class=\"internal-link\" target=\"_blank\"><strong><img alt=\"\" class=\"image-inline\" src=\"../../imagens/iconepdf.jpg/@@images/a4d976db-5803-47f0-b0c9-9de331e3cbe2.jpeg\" title=\"\" />\u00a0Vereador M</strong>aicon Siqueira - PSC</a></span></strong></p>\r\n<p><strong><span><strong><a title=\"\" href=\"https://www.embuguacu.sp.leg.br/institucional/noticias/Sene.pdf\" class=\"internal-link\" target=\"_blank\"><strong><img alt=\"\" class=\"image-inline\" src=\"../../imagens/iconepdf.jpg/@@images/a4d976db-5803-47f0-b0c9-9de331e3cbe2.jpeg\" title=\"\" />\u00a0Vereador\u00a0</strong>Jo\u00e3o Sen\u00e9 - DEM</a></strong></span></strong></p>\r\n<p><strong><span><strong><a title=\"\" href=\"https://www.embuguacu.sp.leg.br/institucional/noticias/Toninho.pdf\" class=\"internal-link\" target=\"_blank\"><strong><img alt=\"\" class=\"image-inline\" src=\"../../imagens/iconepdf.jpg/@@images/a4d976db-5803-47f0-b0c9-9de331e3cbe2.jpeg\" title=\"\" />\u00a0Vereador </strong>Toninho Valflor\u00a0<strong>- MDB</strong></a></strong></span></strong></p>\r\n<p>Segue o\u00a0<strong><span><strong>PARECER\u00a0</strong></span></strong>da Comiss\u00e3o de Finan\u00e7as e Or\u00e7amento da C\u00e2mara Municipal de Embu-Gua\u00e7u, referente as Emendas Parlamentares Individuais Impositivas.</p>\r\n<p><strong><strong><a title=\"\" href=\"https://www.embuguacu.sp.leg.br/institucional/noticias/ParecerCFOEmendasimpositivasaLOA.pdf\" class=\"internal-link\" target=\"_blank\"><strong><img alt=\"\" class=\"image-inline\" src=\"../../imagens/iconepdf.jpg/@@images/a4d976db-5803-47f0-b0c9-9de331e3cbe2.jpeg\" title=\"\" />\u00a0</strong>PARECER CFO - EMENDAS IMPOSITIVAS</a></strong></strong></p>\r\n<p>Segue as\u00a0<strong>EMENDAS OR\u00c7AMENTARIAS</strong> ao\u00a0<a class=\"external-link\" href=\"https://sapl.embuguacu.sp.leg.br/materia/2981\" target=\"_blank\" title=\"\">Projeto de Lei n\u00b0 026/2021</a>\u00a0-\u00a0LOA - Estima a receita e fixa a despesa do Munic\u00edpio para o exerc\u00edcio de 2022<strong><span><span>\u00a0</span></span></strong></p>\r\n<p><strong><span><span><strong><a title=\"\" href=\"https://www.embuguacu.sp.leg.br/institucional/noticias/EmendasOramentrias.pdf\" class=\"internal-link\" target=\"_blank\"><strong><img alt=\"\" class=\"image-inline\" src=\"../../imagens/iconepdf.jpg/@@images/a4d976db-5803-47f0-b0c9-9de331e3cbe2.jpeg\" title=\"\" />\u00a0Vereador P</strong>rof. Carlos Shyton<strong>- CIDADANIA</strong></a></strong></span></span></strong></p>\r\n<p>Segue o\u00a0<strong>PARECER</strong>\u00a0da Comiss\u00e3o de Finan\u00e7as e Or\u00e7amento da C\u00e2mara Municipal de Embu-Gua\u00e7u, referente as Emendas Or\u00e7amentarias ao <a class=\"external-link\" href=\"https://sapl.embuguacu.sp.leg.br/materia/2981\" target=\"_blank\" title=\"\">Projeto de Lei n\u00b0 026/2021</a>.</p>\r\n<p><strong><strong><a title=\"\" href=\"https://www.embuguacu.sp.leg.br/institucional/noticias/ParecerCFOEmendasOramentariasaLOA.pdf\" class=\"internal-link\" target=\"_blank\"><strong><img alt=\"\" class=\"image-inline\" src=\"../../imagens/iconepdf.jpg/@@images/a4d976db-5803-47f0-b0c9-9de331e3cbe2.jpeg\" title=\"\" />\u00a0</strong>PARECER CFO - EMENDA\u00a0AO OR\u00c7AMENTO</a></strong></strong></p>\r\n<p>\u00a0</p>\r\n<pre class=\"tm6\"><span class=\"tm6\">Fonte: CMEG</span></pre>\r\n<p><strong><span><span><strong><strong><br /></strong></strong></span></span></strong></p>", "author_name": "", "version": "1.0", "author_url": "https://www.embuguacu.sp.leg.br/author/adm", "provider_name": "C\u00e2mara Municipal de Embu-Gua\u00e7u", "type": "rich"}